{"id":1313,"date":"2026-02-12T07:28:52","date_gmt":"2026-02-12T07:28:52","guid":{"rendered":"https:\/\/eskigazeteci.com\/?p=1313"},"modified":"2026-02-12T07:28:52","modified_gmt":"2026-02-12T07:28:52","slug":"meteoroloji-saat-verdi-cok-kuvvetli-saganak-ve-firtina-bekleniyor-sel-ruzgar-hortum-tipi-heyelan-kar-uyarisi","status":"publish","type":"post","link":"https:\/\/eskigazeteci.com\/?p=1313","title":{"rendered":"Meteoroloji saat verdi: \u00c7ok kuvvetli sa\u011fanak ve f\u0131rt\u0131na bekleniyor! Sel, r\u00fczgar, hortum, tipi, heyelan, kar uyar\u0131s\u0131&#8230;"},"content":{"rendered":"<p>Hava s\u0131cakl\u0131\u011f\u0131n\u0131n, kuzey, i\u00e7 ve bat\u0131 kesimlerde 3 ila 5 derece artaca\u011f\u0131, di\u011fer yerlerde \u00f6nemli bir de\u011fi\u015fiklik olmayaca\u011f\u0131, yurt genelinde mevsim normallerinin \u00fczerinde seyredece\u011fi tahmin ediliyor. R\u00fczgar\u0131n ise genellikle g\u00fcneyli y\u00f6nlerden, orta kuvvette, Marmara, Ege, Akdeniz, \u0130\u00e7 Anadolu ve Karadeniz\u2019de g\u00fcneyli y\u00f6nlerden kuvvetli ve zaman zaman f\u0131rt\u0131na \u015feklinde (40-80 km\/saat) esmesi bekleniyor. \u00d6te yandan Adana, Antalya, Ayd\u0131n, Bal\u0131kesir, Hatay, Mersin, \u0130zmir, Manisa, Kahramanmara\u015f, Mu\u011fla ve Osmaniye illeri i\u00e7in sar\u0131 kodlu meteorolojik uyar\u0131 verildi.<\/p>\n<p>AKOM&#x27;dan yap\u0131lan a\u00e7\u0131klamaya g\u00f6re; \u00d6n\u00fcm\u00fczdeki bir hafta boyunca r\u00fczgar\u0131n g\u00fcneyli y\u00f6nlerden kuvvetlenerek aral\u0131klarla f\u0131rt\u0131na \u015feklinde esmesi beklenirken aral\u0131klarla sa\u011fanak ya\u011fmur ge\u00e7i\u015flerinin ya\u015fanaca\u011f\u0131 s\u0131cakl\u0131klar\u0131n da bug\u00fcn itibari ile artarak hafta sonuna kadar 18 dereceler civar\u0131na bahar de\u011ferine y\u00fckselece\u011fi \u00f6ng\u00f6r\u00fcl\u00fcyor.<\/p>\n<p>Meteoroloji Genel M\u00fcd\u00fcrl\u00fc\u011f\u00fc olarak yap\u0131lan de\u011ferlendirmelere g\u00f6re: \u00dclkemiz genelinin \u00e7ok bulutlu ve aral\u0131kl\u0131 ya\u011f\u0131\u015fl\u0131 ge\u00e7ece\u011fi tahmin ediliyor. Ya\u011f\u0131\u015flar\u0131n; genellikle ya\u011fmur ve sa\u011fanak, K\u0131y\u0131 Ege ve Akdeniz k\u0131y\u0131lar\u0131nda yer yer g\u00f6k g\u00fcr\u00fclt\u00fcl\u00fc sa\u011fanak, Akdeniz ve Karadeniz\u2019in i\u00e7 ve y\u00fcksek kesimleri ile Do\u011fu&#8230;<\/p>\n","protected":false},"excerpt":{"rendered":"<p>Meteoroloji Genel M\u00fcd\u00fcrl\u00fc\u011f\u00fc yapm\u0131\u015f oldu\u011fu son hava durumu tahminine g\u00f6re Bat\u0131 ve Do\u011fu Akdeniz ba\u015fta olmak \u00fczere yurdun b\u00fcy\u00fck b\u00f6l\u00fcm\u00fc i\u00e7in \u00e7ok kuvvetli ve&#8230;<\/p>\n","protected":false},"author":2,"featured_media":1312,"comment_status":"open","ping_status":"open","sticky":false,"template":"","format":"standard","meta":{"footnotes":""},"categories":[8,6,5],"tags":[],"class_list":["post-1313","post","type-post","status-publish","format-standard","has-post-thumbnail","hentry","category-arsiv","category-gundem","category-son-dakika"],"_links":{"self":[{"href":"https:\/\/eskigazeteci.com\/index.php?rest_route=\/wp\/v2\/posts\/1313","targetHints":{"allow":["GET"]}}],"collection":[{"href":"https:\/\/eskigazeteci.com\/index.php?rest_route=\/wp\/v2\/posts"}],"about":[{"href":"https:\/\/eskigazeteci.com\/index.php?rest_route=\/wp\/v2\/types\/post"}],"author":[{"embeddable":true,"href":"https:\/\/eskigazeteci.com\/index.php?rest_route=\/wp\/v2\/users\/2"}],"replies":[{"embeddable":true,"href":"https:\/\/eskigazeteci.com\/index.php?rest_route=%2Fwp%2Fv2%2Fcomments&post=1313"}],"version-history":[{"count":0,"href":"https:\/\/eskigazeteci.com\/index.php?rest_route=\/wp\/v2\/posts\/1313\/revisions"}],"wp:featuredmedia":[{"embeddable":true,"href":"https:\/\/eskigazeteci.com\/index.php?rest_route=\/wp\/v2\/media\/1312"}],"wp:attachment":[{"href":"https:\/\/eskigazeteci.com\/index.php?rest_route=%2Fwp%2Fv2%2Fmedia&parent=1313"}],"wp:term":[{"taxonomy":"category","embeddable":true,"href":"https:\/\/eskigazeteci.com\/index.php?rest_route=%2Fwp%2Fv2%2Fcategories&post=1313"},{"taxonomy":"post_tag","embeddable":true,"href":"https:\/\/eskigazeteci.com\/index.php?rest_route=%2Fwp%2Fv2%2Ftags&post=1313"}],"curies":[{"name":"wp","href":"https:\/\/api.w.org\/{rel}","templated":true}]}}