{"id":1309,"date":"2026-02-12T07:25:50","date_gmt":"2026-02-12T07:25:50","guid":{"rendered":"https:\/\/eskigazeteci.com\/?p=1309"},"modified":"2026-02-12T07:25:50","modified_gmt":"2026-02-12T07:25:50","slug":"depremzedelere-2-yil-odemesiz-faizsiz-konut","status":"publish","type":"post","link":"https:\/\/eskigazeteci.com\/?p=1309","title":{"rendered":"Depremzedelere 2 y\u0131l \u00f6demesiz faizsiz konut"},"content":{"rendered":"<p>AK Parti\u2019nin TBMM\u2019deki grup toplant\u0131s\u0131nda konu\u015fan Erdo\u011fan, \u00f6zetle \u015funlar\u0131 s\u00f6yledi:<\/p>\n<p>\u0130MK\u00c2NSIZ DEN\u0130LEN\u0130 3 YILDA YAPTIK<\/p>\n<p>\u201cCuma g\u00fcn\u00fc \u2018asr\u0131n felaketi\u2019 olarak milli haf\u0131zam\u0131za ac\u0131yla kaz\u0131nan 6 \u015eubat depremlerinin \u00fc\u00e7\u00fcnc\u00fc sene-i devriyesiydi. \u015eehitlerimizi y\u00e2d etmek \u00fczere Cumhur \u0130ttifak\u0131 orta\u011f\u0131m\u0131z MHP Genel Ba\u015fkan\u0131 Say\u0131n Devlet Bah\u00e7eli\u2019nin de oldu\u011fu geni\u015f bir heyetle depremin vurdu\u011fu 11 ilimizden biri olan Osmaniye\u2019deydik. \u2018K\u00fcllerinden do\u011fdu yine T\u00fcrkiye\u2019nin g\u00fcc\u00fcne bak\u2019 temas\u0131yla d\u00fczenlenen programda o gece topra\u011fa verdi\u011fimiz 53 bin 697 karde\u015fimizi bir kez daha hasretle and\u0131k. S\u00f6z verdi\u011fimiz \u015fekilde 433 bin 667\u2019si konut, 21 bin 690\u2019\u0131 i\u015f yeri olmak \u00fczere tam 455 bin 357 ba\u011f\u0131ms\u0131z b\u00f6l\u00fcm\u00fc tamamlad\u0131k. Devlet millet y\u00fcrek y\u00fcre\u011fe verdik, g\u00fc\u00e7 birli\u011fi yapt\u0131k, inand\u0131k, azmettik, \u00e7al\u0131\u015ft\u0131k ve neticede \u2018olmaz\u2019 denileni, \u2018imk\u00e2ns\u0131z\u2019 denileni 3 y\u0131lda hayata ge\u00e7irdik.<\/p>\n<p>S\u0130YASET GEM\u0130S\u0130N\u0130 Y\u00dcR\u00dcTMEN\u0130N HESABINDALAR<\/p>\n<p>Ama t\u00fcm bu ger\u00e7eklere ra\u011fmen, T\u00fcrkiye Cumhuriyeti\u2019nin bu b\u00fcy\u00fck ba\u015far\u0131s\u0131na ra\u011fmen ana muhalefet ve yolda\u015flar\u0131 \u00e7\u0131k\u0131p bizi ele\u015ftiriyor. Yap\u0131lan i\u015flere \u00e7amur at\u0131yor. Deprem b\u00f6lgesindeki \u00e7al\u0131\u015fmalar\u0131 k\u00fc\u00e7\u00fcms\u00fcyor. Y\u00f6nettikleri \u015fehirlerde insanlar k\u0131\u015f\u0131n ortas\u0131nda susuzluktan k\u0131vran\u0131rken; \u00e7\u00f6p, \u00e7amur, \u00e7ukur&#8230;<\/p>\n","protected":false},"excerpt":{"rendered":"<p>Cumhurba\u015fkan\u0131 Tayyip Erdo\u011fan, deprem b\u00f6lgesinde in\u015fa edilen konutlara ili\u015fkin \u201c11 ilimizdeki vatanda\u015flar\u0131m\u0131z evlerine \u00e7ok uygun \u015fartlarla, faizsiz, sabit&#8230;<\/p>\n","protected":false},"author":2,"featured_media":1308,"comment_status":"open","ping_status":"open","sticky":false,"template":"","format":"standard","meta":{"footnotes":""},"categories":[8,6,5],"tags":[],"class_list":["post-1309","post","type-post","status-publish","format-standard","has-post-thumbnail","hentry","category-arsiv","category-gundem","category-son-dakika"],"_links":{"self":[{"href":"https:\/\/eskigazeteci.com\/index.php?rest_route=\/wp\/v2\/posts\/1309","targetHints":{"allow":["GET"]}}],"collection":[{"href":"https:\/\/eskigazeteci.com\/index.php?rest_route=\/wp\/v2\/posts"}],"about":[{"href":"https:\/\/eskigazeteci.com\/index.php?rest_route=\/wp\/v2\/types\/post"}],"author":[{"embeddable":true,"href":"https:\/\/eskigazeteci.com\/index.php?rest_route=\/wp\/v2\/users\/2"}],"replies":[{"embeddable":true,"href":"https:\/\/eskigazeteci.com\/index.php?rest_route=%2Fwp%2Fv2%2Fcomments&post=1309"}],"version-history":[{"count":0,"href":"https:\/\/eskigazeteci.com\/index.php?rest_route=\/wp\/v2\/posts\/1309\/revisions"}],"wp:featuredmedia":[{"embeddable":true,"href":"https:\/\/eskigazeteci.com\/index.php?rest_route=\/wp\/v2\/media\/1308"}],"wp:attachment":[{"href":"https:\/\/eskigazeteci.com\/index.php?rest_route=%2Fwp%2Fv2%2Fmedia&parent=1309"}],"wp:term":[{"taxonomy":"category","embeddable":true,"href":"https:\/\/eskigazeteci.com\/index.php?rest_route=%2Fwp%2Fv2%2Fcategories&post=1309"},{"taxonomy":"post_tag","embeddable":true,"href":"https:\/\/eskigazeteci.com\/index.php?rest_route=%2Fwp%2Fv2%2Ftags&post=1309"}],"curies":[{"name":"wp","href":"https:\/\/api.w.org\/{rel}","templated":true}]}}