{"id":1307,"date":"2026-02-12T07:24:19","date_gmt":"2026-02-12T07:24:19","guid":{"rendered":"https:\/\/eskigazeteci.com\/?p=1307"},"modified":"2026-02-12T07:24:19","modified_gmt":"2026-02-12T07:24:19","slug":"aziz-ihsan-aktas-itirafcilik-surecini-anlatti","status":"publish","type":"post","link":"https:\/\/eskigazeteci.com\/?p=1307","title":{"rendered":"Aziz \u0130hsan Akta\u015f itiraf\u00e7\u0131l\u0131k s\u00fcrecini anlatt\u0131"},"content":{"rendered":"<p>\u0130\u015finsan\u0131 Aziz \u0130hsan Akta\u015f\u2019\u0131n liderli\u011fini yapt\u0131\u011f\u0131 \u00f6ne s\u00fcr\u00fclen su\u00e7 \u00f6rg\u00fct\u00fcn\u00fcn, belediye y\u00f6neticilerine r\u00fc\u015fvet vererek ihaleleri organize etti\u011fi iddias\u0131yla 24\u2019\u00fc tutuklu 200 \u015f\u00fcpheli hakk\u0131nda a\u00e7\u0131lan davan\u0131n g\u00f6r\u00fclmesine 10\u2019uncu g\u00fcnde devam edildi.<\/p>\n<p>\u0130stanbul 1\u2019inci A\u011f\u0131r Ceza Mahkemesi taraf\u0131ndan Silivri\u2019de yap\u0131lan duru\u015fmaya, g\u00f6revden uzakla\u015ft\u0131r\u0131lan Be\u015fikta\u015f Belediye Ba\u015fkan\u0131 R\u0131za Akpolat, Avc\u0131lar Belediye Ba\u015fkan\u0131 Utku Caner \u00c7aykara, Seyhan Belediye Ba\u015fkan\u0131 Oya Tekin ve Ceyhan Belediye Ba\u015fkan\u0131 Kadir Aydar dahil tutuklu san\u0131klar ve su\u00e7 \u00f6rg\u00fct\u00fc lideri oldu\u011fu \u00f6ne s\u00fcr\u00fclen Aziz \u0130hsan Akta\u015f ve Adana Belediye Ba\u015fkan\u0131 Zeydan Karalar\u2019\u0131n aras\u0131nda bulundu\u011fu tutuksuz san\u0131klar kat\u0131ld\u0131. 63 eyleme kar\u015f\u0131 savunma yapan Aziz \u0130hsan Akta\u015f beraberindeki 4 klas\u00f6r ile san\u0131k k\u00fcrs\u00fcs\u00fcne \u00e7\u0131kt\u0131.<\/p>\n<p>NEDEN \u00dc\u00c7 AY BEKLED\u0130M: \u0130\u015f d\u00fcnyas\u0131nda, kamuda ya\u015fanan baz\u0131 s\u00fcre\u00e7leri ortaya \u00e7\u0131karmak i\u00e7in etkin pi\u015fmanl\u0131k h\u00fck\u00fcmlerinden faydaland\u0131\u011f\u0131n\u0131 ifade eden Akta\u015f, \u201cBu karar\u0131 almak i\u00e7in neden 3 ay bekledim? Beni ma\u011fdur eden ki\u015fileri ortaya \u00e7\u0131karmak, belgeleri toplamak i\u00e7in bekledi\u011fim bir s\u00fcre oldu\u201d dedi.<\/p>\n<p>TALEPLER\u0130 KAR\u015eILIYORDUK: Akta\u015f ifadesinde \u00f6zetle \u015fu iddialar\u0131 dile getirdi: \u201cBazen \u00fcst d\u00fczey belediye yetkilisinin d\u00fc\u011f\u00fcn\u00fcn\u00fc&#8230;<\/p>\n","protected":false},"excerpt":{"rendered":"<p>\u00c7ok say\u0131da belediye ba\u015fkan\u0131n\u0131n tutuklu oldu\u011fu davada \u2018su\u00e7 \u00f6rg\u00fct\u00fc lideri\u2019 olarak savunmas\u0131n\u0131 yapan Aziz \u0130hsan Akta\u015f \u201cbaz\u0131 belediyelerden \u00f6demelerimi alabilmek&#8230;<\/p>\n","protected":false},"author":2,"featured_media":1306,"comment_status":"open","ping_status":"open","sticky":false,"template":"","format":"standard","meta":{"footnotes":""},"categories":[8,6,5],"tags":[],"class_list":["post-1307","post","type-post","status-publish","format-standard","has-post-thumbnail","hentry","category-arsiv","category-gundem","category-son-dakika"],"_links":{"self":[{"href":"https:\/\/eskigazeteci.com\/index.php?rest_route=\/wp\/v2\/posts\/1307","targetHints":{"allow":["GET"]}}],"collection":[{"href":"https:\/\/eskigazeteci.com\/index.php?rest_route=\/wp\/v2\/posts"}],"about":[{"href":"https:\/\/eskigazeteci.com\/index.php?rest_route=\/wp\/v2\/types\/post"}],"author":[{"embeddable":true,"href":"https:\/\/eskigazeteci.com\/index.php?rest_route=\/wp\/v2\/users\/2"}],"replies":[{"embeddable":true,"href":"https:\/\/eskigazeteci.com\/index.php?rest_route=%2Fwp%2Fv2%2Fcomments&post=1307"}],"version-history":[{"count":0,"href":"https:\/\/eskigazeteci.com\/index.php?rest_route=\/wp\/v2\/posts\/1307\/revisions"}],"wp:featuredmedia":[{"embeddable":true,"href":"https:\/\/eskigazeteci.com\/index.php?rest_route=\/wp\/v2\/media\/1306"}],"wp:attachment":[{"href":"https:\/\/eskigazeteci.com\/index.php?rest_route=%2Fwp%2Fv2%2Fmedia&parent=1307"}],"wp:term":[{"taxonomy":"category","embeddable":true,"href":"https:\/\/eskigazeteci.com\/index.php?rest_route=%2Fwp%2Fv2%2Fcategories&post=1307"},{"taxonomy":"post_tag","embeddable":true,"href":"https:\/\/eskigazeteci.com\/index.php?rest_route=%2Fwp%2Fv2%2Ftags&post=1307"}],"curies":[{"name":"wp","href":"https:\/\/api.w.org\/{rel}","templated":true}]}}