{"id":1303,"date":"2026-02-12T07:21:13","date_gmt":"2026-02-12T07:21:13","guid":{"rendered":"https:\/\/eskigazeteci.com\/?p=1303"},"modified":"2026-02-12T07:21:13","modified_gmt":"2026-02-12T07:21:13","slug":"cumhurbaskani-erdogan-ve-micotakis-gorusmesinin-perde-arkasi-yunan-basini-tesbih-ve-album-detaylarini-yazdi","status":"publish","type":"post","link":"https:\/\/eskigazeteci.com\/?p=1303","title":{"rendered":"Cumhurba\u015fkan\u0131 Erdo\u011fan ve Mi\u00e7otakis g\u00f6r\u00fc\u015fmesinin perde arkas\u0131: Yunan bas\u0131n\u0131, tesbih ve alb\u00fcm detaylar\u0131n\u0131 yazd\u0131"},"content":{"rendered":"<p>Cumhurba\u015fkan\u0131 Recep Tayyip Erdo\u011fan ve Yunanistan Ba\u015fbakan\u0131 Kiryakos Mi\u00e7otakis, d\u00fcn Ankara&#x27;da T\u00fcrkiye-Yunanistan 6. Y\u00fcksek D\u00fczeyli \u0130\u015fbirli\u011fi Konseyi kapsam\u0131nda bir araya geldi. Cumhurba\u015fkanl\u0131\u011f\u0131 K\u00fclliyesi&#x27;nde ger\u00e7ekle\u015fen g\u00f6r\u00fc\u015fmeye D\u0131\u015fi\u015fleri Bakan\u0131 Hakan Fidan, Cumhurba\u015fkanl\u0131\u011f\u0131 \u0130leti\u015fim Ba\u015fkan\u0131 Burhanettin Duran ve Cumhurba\u015fkan\u0131 D\u0131\u015f Politika ve G\u00fcvenlik Ba\u015fdan\u0131\u015fman\u0131 Akif \u00c7a\u011fatay K\u0131l\u0131\u00e7 da kat\u0131ld\u0131. \u0130kili g\u00f6r\u00fc\u015fmelerin ard\u0131ndan d\u00fczenlenen heyetler aras\u0131 oturumda iki \u00fclke aras\u0131nda i\u015fbirli\u011fi anla\u015fmalar\u0131 imzaland\u0131.<\/p>\n<p>Yunanistan merkezli medya kurulu\u015flar\u0131, Ankara&#x27;daki zirveyi &quot;tarihi rakipler aras\u0131nda yumu\u015fama&quot; ve &quot;diyalog d\u00f6nemi&quot; ba\u015fl\u0131klar\u0131yla duyurdu. Liderlerin Ankara&#x27;daki yo\u011fun temaslar\u0131n ard\u0131ndan sergiledi\u011fi uzla\u015fmac\u0131 tavr\u0131n, gerilimin azalt\u0131lmas\u0131na y\u00f6nelik \u00e7abalar\u0131n s\u00fcrece\u011fine i\u015faret etti\u011fi kaydedildi. Erdo\u011fan&#x27;\u0131n &quot;Sorunlar \u00e7\u00f6z\u00fcms\u00fcz de\u011fil&quot; \u00e7\u0131k\u0131\u015f\u0131n\u0131n Ege&#x27;deki anla\u015fmazl\u0131klar\u0131n \u00e7\u00f6z\u00fcm\u00fc i\u00e7in umut verdi\u011fi yorumu yap\u0131ld\u0131.<\/p>\n<p>PROTO THEMA: TESB\u0130H, FOTO\u011eRAF ALB\u00dcM\u00dc VE DOSTANE ATMOSFER<\/p>\n<p>Proto Thema gazetesi, g\u00f6r\u00fc\u015fmenin perde arkas\u0131na ili\u015fkin ayr\u0131nt\u0131lar\u0131 okurlar\u0131yla payla\u015ft\u0131. Gazete, olumlu atmosferin Mitsotakis\u2019in Ankara\u2019ya ayak bast\u0131\u011f\u0131 andan itibaren hissedildi\u011fini kaydetti. \u0130ki liderin ortak&#8230;<\/p>\n","protected":false},"excerpt":{"rendered":"<p>Cumhurba\u015fkan\u0131 Recep Tayyip Erdo\u011fan ile Yunanistan Ba\u015fbakan\u0131 Kiryakos Mi\u00e7otakis&#8217;in Ankara&#8217;da ger\u00e7ekle\u015ftirdi\u011fi g\u00f6r\u00fc\u015fme ve 6. Y\u00fcksek D\u00fczeyli \u0130\u015fbirli\u011fi Konseyi&#8230;<\/p>\n","protected":false},"author":2,"featured_media":1302,"comment_status":"open","ping_status":"open","sticky":false,"template":"","format":"standard","meta":{"footnotes":""},"categories":[8,6,5],"tags":[],"class_list":["post-1303","post","type-post","status-publish","format-standard","has-post-thumbnail","hentry","category-arsiv","category-gundem","category-son-dakika"],"_links":{"self":[{"href":"https:\/\/eskigazeteci.com\/index.php?rest_route=\/wp\/v2\/posts\/1303","targetHints":{"allow":["GET"]}}],"collection":[{"href":"https:\/\/eskigazeteci.com\/index.php?rest_route=\/wp\/v2\/posts"}],"about":[{"href":"https:\/\/eskigazeteci.com\/index.php?rest_route=\/wp\/v2\/types\/post"}],"author":[{"embeddable":true,"href":"https:\/\/eskigazeteci.com\/index.php?rest_route=\/wp\/v2\/users\/2"}],"replies":[{"embeddable":true,"href":"https:\/\/eskigazeteci.com\/index.php?rest_route=%2Fwp%2Fv2%2Fcomments&post=1303"}],"version-history":[{"count":0,"href":"https:\/\/eskigazeteci.com\/index.php?rest_route=\/wp\/v2\/posts\/1303\/revisions"}],"wp:featuredmedia":[{"embeddable":true,"href":"https:\/\/eskigazeteci.com\/index.php?rest_route=\/wp\/v2\/media\/1302"}],"wp:attachment":[{"href":"https:\/\/eskigazeteci.com\/index.php?rest_route=%2Fwp%2Fv2%2Fmedia&parent=1303"}],"wp:term":[{"taxonomy":"category","embeddable":true,"href":"https:\/\/eskigazeteci.com\/index.php?rest_route=%2Fwp%2Fv2%2Fcategories&post=1303"},{"taxonomy":"post_tag","embeddable":true,"href":"https:\/\/eskigazeteci.com\/index.php?rest_route=%2Fwp%2Fv2%2Ftags&post=1303"}],"curies":[{"name":"wp","href":"https:\/\/api.w.org\/{rel}","templated":true}]}}