{"id":130,"date":"2026-02-09T09:23:41","date_gmt":"2026-02-09T09:23:41","guid":{"rendered":"https:\/\/eskigazeteci.com\/?p=130"},"modified":"2026-02-09T09:23:41","modified_gmt":"2026-02-09T09:23:41","slug":"haber-40","status":"publish","type":"post","link":"https:\/\/eskigazeteci.com\/?p=130","title":{"rendered":"Haber"},"content":{"rendered":"<p>Erdo\u011fan&#x27;\u0131n, ATO Congresium&#x27;da d\u00fczenlenecek MHP&#x27;nin 57. Kurulu\u015f Y\u0131l D\u00f6n\u00fcm\u00fc Program\u0131&#x27;na g\u00f6nderdi\u011fi \u00e7i\u00e7ek aranjman\u0131, beyaz g\u00fcl ile karanfillerden olu\u015fuyor.<\/p>\n<p>Bayra\u011f\u0131n etraf\u0131nda ise MHP &#x27;nin kurulu\u015funun 57. y\u0131l d\u00f6n\u00fcm\u00fcne ithafen 57 g\u00fcl yer al\u0131yor.<\/p>\n<p>T\u00fcrkiye g\u00fcndeminden son dakika haberleri, bug\u00fcn ya\u015fanan en son geli\u015fmeler, siyaset g\u00fcndeminden g\u00fcncel haberler ve b\u00fct\u00fcn son dakika haberleri i\u00e7in H\u00fcrriyet&#x27;in internet haber sitesi hurriyet.com.tr; Hurriyet.com.tr haber i\u00e7erikleri kaynak g\u00f6sterilmeden al\u0131nt\u0131 yap\u0131lamaz, Kanuna ayk\u0131r\u0131 ve izinsiz olarak kopyalanamaz, ba\u015fka yerde yay\u0131nlanamaz.<\/p>\n","protected":false},"excerpt":{"rendered":"<p>Cumhurba\u015fkan\u0131 ve AK Parti Genel Ba\u015fkan\u0131 Recep Tayyip Erdo\u011fan, MHP&#8217;nin 57. Kurulu\u015f Y\u0131l D\u00f6n\u00fcm\u00fc Program\u0131&#8217;na \u00f6zel T\u00fcrk bayra\u011f\u0131 \u015feklinde \u00e7i\u00e7ek aranjman\u0131 g\u00f6nderdi.<\/p>\n","protected":false},"author":2,"featured_media":129,"comment_status":"open","ping_status":"open","sticky":false,"template":"","format":"standard","meta":{"footnotes":""},"categories":[8,3],"tags":[],"class_list":["post-130","post","type-post","status-publish","format-standard","has-post-thumbnail","hentry","category-arsiv","category-siyaset"],"_links":{"self":[{"href":"https:\/\/eskigazeteci.com\/index.php?rest_route=\/wp\/v2\/posts\/130","targetHints":{"allow":["GET"]}}],"collection":[{"href":"https:\/\/eskigazeteci.com\/index.php?rest_route=\/wp\/v2\/posts"}],"about":[{"href":"https:\/\/eskigazeteci.com\/index.php?rest_route=\/wp\/v2\/types\/post"}],"author":[{"embeddable":true,"href":"https:\/\/eskigazeteci.com\/index.php?rest_route=\/wp\/v2\/users\/2"}],"replies":[{"embeddable":true,"href":"https:\/\/eskigazeteci.com\/index.php?rest_route=%2Fwp%2Fv2%2Fcomments&post=130"}],"version-history":[{"count":0,"href":"https:\/\/eskigazeteci.com\/index.php?rest_route=\/wp\/v2\/posts\/130\/revisions"}],"wp:featuredmedia":[{"embeddable":true,"href":"https:\/\/eskigazeteci.com\/index.php?rest_route=\/wp\/v2\/media\/129"}],"wp:attachment":[{"href":"https:\/\/eskigazeteci.com\/index.php?rest_route=%2Fwp%2Fv2%2Fmedia&parent=130"}],"wp:term":[{"taxonomy":"category","embeddable":true,"href":"https:\/\/eskigazeteci.com\/index.php?rest_route=%2Fwp%2Fv2%2Fcategories&post=130"},{"taxonomy":"post_tag","embeddable":true,"href":"https:\/\/eskigazeteci.com\/index.php?rest_route=%2Fwp%2Fv2%2Ftags&post=130"}],"curies":[{"name":"wp","href":"https:\/\/api.w.org\/{rel}","templated":true}]}}