{"id":1299,"date":"2026-02-11T13:35:09","date_gmt":"2026-02-11T13:35:09","guid":{"rendered":"https:\/\/eskigazeteci.com\/?p=1299"},"modified":"2026-02-11T13:35:09","modified_gmt":"2026-02-11T13:35:09","slug":"adalet-bakanligina-atanan-akin-gurlek-ve-icisleri-bakaninin-yemin-toreni-oncesi-mecliste-gerginlik","status":"publish","type":"post","link":"https:\/\/eskigazeteci.com\/?p=1299","title":{"rendered":"Adalet Bakanl\u0131\u011f\u0131&#8217;na Atanan Ak\u0131n G\u00fcrlek ve \u0130\u00e7i\u015fleri Bakan\u0131&#8217;nin Yemin t\u00f6reni \u00d6ncesi Meclis&#8217;te Gerginlik"},"content":{"rendered":"<p>Adalet Bakanl\u0131\u011f\u0131&#x27;na atanan Ak\u0131n G\u00fcrlek ve \u0130\u00e7i\u015fleri Bakanl\u0131\u011f\u0131&#x27;na atanan Mustafa \u00c7ift\u00e7i&#x27;nin yemin t\u00f6reni \u00f6ncesi Meclis&#x27;te gerginlik ya\u015fand\u0131. CHP&#x27;li vekiller&#8230;<\/p>\n","protected":false},"excerpt":{"rendered":"<p>G\u00fcn\u00fcm\u00fczde, Adalet Bakanl\u0131\u011f\u0131&#8217;na atanan Ak\u0131n G\u00fcrlek ve \u0130\u00e7i\u015fleri Bakanl\u0131\u011f\u0131&#8217;na atanan Mustafa \u00c7ift\u00e7i&#8217;nin yemin t\u00f6reni \u00f6ncesi Meclis&#8217;te gerekli bir gizem s\u00f6z\u00fc oldu\u011funa dair tart\u0131\u015fmaya yol a\u00e7t\u0131.<\/p>\n","protected":false},"author":2,"featured_media":1298,"comment_status":"open","ping_status":"open","sticky":false,"template":"","format":"standard","meta":{"footnotes":""},"categories":[8,6,5],"tags":[],"class_list":["post-1299","post","type-post","status-publish","format-standard","has-post-thumbnail","hentry","category-arsiv","category-gundem","category-son-dakika"],"_links":{"self":[{"href":"https:\/\/eskigazeteci.com\/index.php?rest_route=\/wp\/v2\/posts\/1299","targetHints":{"allow":["GET"]}}],"collection":[{"href":"https:\/\/eskigazeteci.com\/index.php?rest_route=\/wp\/v2\/posts"}],"about":[{"href":"https:\/\/eskigazeteci.com\/index.php?rest_route=\/wp\/v2\/types\/post"}],"author":[{"embeddable":true,"href":"https:\/\/eskigazeteci.com\/index.php?rest_route=\/wp\/v2\/users\/2"}],"replies":[{"embeddable":true,"href":"https:\/\/eskigazeteci.com\/index.php?rest_route=%2Fwp%2Fv2%2Fcomments&post=1299"}],"version-history":[{"count":0,"href":"https:\/\/eskigazeteci.com\/index.php?rest_route=\/wp\/v2\/posts\/1299\/revisions"}],"wp:featuredmedia":[{"embeddable":true,"href":"https:\/\/eskigazeteci.com\/index.php?rest_route=\/wp\/v2\/media\/1298"}],"wp:attachment":[{"href":"https:\/\/eskigazeteci.com\/index.php?rest_route=%2Fwp%2Fv2%2Fmedia&parent=1299"}],"wp:term":[{"taxonomy":"category","embeddable":true,"href":"https:\/\/eskigazeteci.com\/index.php?rest_route=%2Fwp%2Fv2%2Fcategories&post=1299"},{"taxonomy":"post_tag","embeddable":true,"href":"https:\/\/eskigazeteci.com\/index.php?rest_route=%2Fwp%2Fv2%2Ftags&post=1299"}],"curies":[{"name":"wp","href":"https:\/\/api.w.org\/{rel}","templated":true}]}}