{"id":1293,"date":"2026-02-11T13:12:27","date_gmt":"2026-02-11T13:12:27","guid":{"rendered":"https:\/\/eskigazeteci.com\/?p=1293"},"modified":"2026-02-11T13:12:27","modified_gmt":"2026-02-11T13:12:27","slug":"adalet-bakanligi-gorevine-akin-gurlek-getirildi-koyunde-sevincle-karsilandi-cok-saygideger-bir-insandir","status":"publish","type":"post","link":"https:\/\/eskigazeteci.com\/?p=1293","title":{"rendered":"Adalet Bakanl\u0131\u011f\u0131 g\u00f6revine Ak\u0131n G\u00fcrlek getirildi: K\u00f6y\u00fcnde sevin\u00e7le kar\u015f\u0131land\u0131! &#8216;\u00c7ok sayg\u0131de\u011fer bir insand\u0131r&#8217;"},"content":{"rendered":"<p>Nev\u015fehir&#x27;de 1982 y\u0131l\u0131nda d\u00fcnyaya gelen Ak\u0131n G\u00fcrlek, yakla\u015f\u0131k 12 ya\u015f\u0131na kadar Kozakl\u0131 il\u00e7esine ba\u011fl\u0131 Ayl\u0131 k\u00f6y\u00fcnde ya\u015fad\u0131. Ailesiyle birlikte \u0130zmir\u2019e ta\u015f\u0131nan G\u00fcrlek, e\u011fitim hayat\u0131na burada devam etti. 2005 y\u0131l\u0131nda Marmara \u00dcniversitesi Hukuk Fak\u00fcltesi\u2019nden mezun olan G\u00fcrlek, T\u00fcrkiye\u2019nin farkl\u0131 b\u00f6lgelerinde hakimlik g\u00f6revlerinde bulundu. 2021 y\u0131l\u0131nda birinci s\u0131n\u0131f hakimli\u011fe terfi eden G\u00fcrlek, Hakimler ve Savc\u0131lar Kurulu taraf\u0131ndan 2 Ekim 2024&#x27;te \u0130stanbul Cumhuriyet Ba\u015fsavc\u0131s\u0131 olarak atand\u0131. G\u00fcrlek, 2 Haziran 2022&#x27;den 7 Ekim 2024&#x27;e kadar Adalet Bakan Yard\u0131mc\u0131s\u0131 olarak da g\u00f6rev yapt\u0131. G\u00fcrlek\u2019in Resmi Gazete&#x27;de yay\u0131mlanan Cumhurba\u015fkan\u0131 kararlar\u0131yla Adalet Bakanl\u0131\u011f\u0131 g\u00f6revine atanmas\u0131, k\u00f6y\u00fcnde sevin\u00e7le kar\u015f\u0131land\u0131.<\/p>\n<p>\u2018\u00c7OK SAYGILI B\u0130R ARKADA\u015eIMIZDI\u2019<\/p>\n<p>Ayl\u0131 k\u00f6y\u00fc muhtar\u0131 C\u00fcneyt Cesur (49), \u201cAdalet Bakan\u0131m\u0131za hay\u0131rl\u0131 u\u011furlu olmas\u0131n\u0131 diliyoruz. K\u00f6y\u00fcm\u00fcz\u00fcn medar\u0131iftihar\u0131 ve memleketimizin g\u00fczel insan\u0131. \u00c7ocuklu\u011fundan beri tan\u0131d\u0131\u011f\u0131m\u0131z ve bildi\u011fimiz \u00e7ok sayg\u0131de\u011fer bir insand\u0131r. \u00c7ocukken, arkada\u015flar\u0131na, b\u00fcy\u00fcklerine ve k\u00fc\u00e7\u00fcklerine \u00e7ok sayg\u0131l\u0131, elinden geldi\u011fi kadar kimsenin kalbini k\u0131rmayacak bir arkada\u015f\u0131m\u0131zd\u0131. Belirli bir s\u00fcre sonra \u0130zmir\u2019e ta\u015f\u0131nd\u0131lar. Tahsilini genelde \u0130zmir civar\u0131nda g\u00f6rd\u00fc. Aln\u0131n\u0131n&#8230;<\/p>\n","protected":false},"excerpt":{"rendered":"<p>\u0130stanbul Cumhuriyet Ba\u015fsavc\u0131s\u0131 Ak\u0131n G\u00fcrlek\u2019in, Adalet Bakanl\u0131\u011f\u0131 g\u00f6revine getirilmesi, Nev\u015fehir\u2019deki k\u00f6y\u00fcnde sevin\u00e7le kar\u015f\u0131land\u0131. Ayl\u0131 k\u00f6y\u00fc muhtar\u0131 C\u00fcneyt&#8230;<\/p>\n","protected":false},"author":2,"featured_media":0,"comment_status":"open","ping_status":"open","sticky":false,"template":"","format":"standard","meta":{"footnotes":""},"categories":[8,6,5],"tags":[],"class_list":["post-1293","post","type-post","status-publish","format-standard","hentry","category-arsiv","category-gundem","category-son-dakika"],"_links":{"self":[{"href":"https:\/\/eskigazeteci.com\/index.php?rest_route=\/wp\/v2\/posts\/1293","targetHints":{"allow":["GET"]}}],"collection":[{"href":"https:\/\/eskigazeteci.com\/index.php?rest_route=\/wp\/v2\/posts"}],"about":[{"href":"https:\/\/eskigazeteci.com\/index.php?rest_route=\/wp\/v2\/types\/post"}],"author":[{"embeddable":true,"href":"https:\/\/eskigazeteci.com\/index.php?rest_route=\/wp\/v2\/users\/2"}],"replies":[{"embeddable":true,"href":"https:\/\/eskigazeteci.com\/index.php?rest_route=%2Fwp%2Fv2%2Fcomments&post=1293"}],"version-history":[{"count":0,"href":"https:\/\/eskigazeteci.com\/index.php?rest_route=\/wp\/v2\/posts\/1293\/revisions"}],"wp:attachment":[{"href":"https:\/\/eskigazeteci.com\/index.php?rest_route=%2Fwp%2Fv2%2Fmedia&parent=1293"}],"wp:term":[{"taxonomy":"category","embeddable":true,"href":"https:\/\/eskigazeteci.com\/index.php?rest_route=%2Fwp%2Fv2%2Fcategories&post=1293"},{"taxonomy":"post_tag","embeddable":true,"href":"https:\/\/eskigazeteci.com\/index.php?rest_route=%2Fwp%2Fv2%2Ftags&post=1293"}],"curies":[{"name":"wp","href":"https:\/\/api.w.org\/{rel}","templated":true}]}}