{"id":1292,"date":"2026-02-11T13:02:27","date_gmt":"2026-02-11T13:02:27","guid":{"rendered":"https:\/\/eskigazeteci.com\/?p=1292"},"modified":"2026-02-11T13:02:27","modified_gmt":"2026-02-11T13:02:27","slug":"trabzonspordan-fenerbahce-maci-oncesi-taraftara-uyari","status":"publish","type":"post","link":"https:\/\/eskigazeteci.com\/?p=1292","title":{"rendered":"Trabzonspor&#8217;dan Fenerbah\u00e7e ma\u00e7\u0131 \u00f6ncesi taraftara uyar\u0131"},"content":{"rendered":"<p>Bordo-mavili kul\u00fcb\u00fcn sosyal medya hesaplar\u0131ndan yap\u0131lan a\u00e7\u0131klamada, ma\u00e7a gidecek taraftarlar\u0131n stadyuma giri\u015f ve ula\u015f\u0131m s\u00fcre\u00e7lerinin sa\u011fl\u0131kl\u0131 ilerleyebilmesinin \u00f6nemine i\u015faret edildi.<\/p>\n<p>A\u00e7\u0131klamada, \u015funlar kaydedildi:<\/p>\n<p>&quot;Uzun kuyruklar ve gecikmeler ya\u015fanmamas\u0131 ad\u0131na stadyuma erken saatlerde gelinmesi \u00f6nem arz etmektedir. Ba\u015fkas\u0131na ait Passolig kart\u0131 ile stadyuma giri\u015f kesinlikle m\u00fcmk\u00fcn olmayacakt\u0131r. Emniyet birimleri bu kar\u015f\u0131la\u015fma \u00f6ncesinde ba\u015fkas\u0131n\u0131n Passolig&#x27;i ile stadyuma giri\u015fi konusunda \u00f6zel ve s\u0131k\u0131 tedbirler uygulayacakt\u0131r. Trafik yo\u011funlu\u011funu azaltmak ve ula\u015f\u0131mda aksakl\u0131k ya\u015fanmamas\u0131 ad\u0131na m\u00fcmk\u00fcn mertebe \u015fahsi ara\u00e7lar yerine belediyenin belirledi\u011fi ortak alanlardan hareket eden toplu ta\u015f\u0131ma ara\u00e7lar\u0131n\u0131n tercih edilmesi rica olunur.&quot;<\/p>\n<p>T\u00fcrkiye&#x27;den ve D\u00fcnya\u2019dan son dakika haberleri, k\u00f6\u015fe yaz\u0131lar\u0131, magazinden siyasete, spordan seyahate b\u00fct\u00fcn konular\u0131n tek adresi Hurriyet.com.tr haber i\u00e7erikleri izin al\u0131nmadan, kaynak g\u00f6sterilerek dahi iktibas edilemez. Kanuna ayk\u0131r\u0131 ve izinsiz olarak kopyalanamaz, ba\u015fka yerde yay\u0131nlanamaz.<\/p>\n","protected":false},"excerpt":{"rendered":"<p>Trabzonspor, S\u00fcper Lig&#8217;in 22. haftas\u0131nda 14 \u015eubat Cumartesi g\u00fcn\u00fc sahas\u0131nda oynayaca\u011f\u0131 Fenerbah\u00e7e ma\u00e7\u0131 \u00f6ncesi stadyuma giri\u015f ve ula\u015f\u0131m s\u00fcre\u00e7leriyle ilgili&#8230;<\/p>\n","protected":false},"author":2,"featured_media":1291,"comment_status":"open","ping_status":"open","sticky":false,"template":"","format":"standard","meta":{"footnotes":""},"categories":[8,5,7],"tags":[],"class_list":["post-1292","post","type-post","status-publish","format-standard","has-post-thumbnail","hentry","category-arsiv","category-son-dakika","category-spor"],"_links":{"self":[{"href":"https:\/\/eskigazeteci.com\/index.php?rest_route=\/wp\/v2\/posts\/1292","targetHints":{"allow":["GET"]}}],"collection":[{"href":"https:\/\/eskigazeteci.com\/index.php?rest_route=\/wp\/v2\/posts"}],"about":[{"href":"https:\/\/eskigazeteci.com\/index.php?rest_route=\/wp\/v2\/types\/post"}],"author":[{"embeddable":true,"href":"https:\/\/eskigazeteci.com\/index.php?rest_route=\/wp\/v2\/users\/2"}],"replies":[{"embeddable":true,"href":"https:\/\/eskigazeteci.com\/index.php?rest_route=%2Fwp%2Fv2%2Fcomments&post=1292"}],"version-history":[{"count":0,"href":"https:\/\/eskigazeteci.com\/index.php?rest_route=\/wp\/v2\/posts\/1292\/revisions"}],"wp:featuredmedia":[{"embeddable":true,"href":"https:\/\/eskigazeteci.com\/index.php?rest_route=\/wp\/v2\/media\/1291"}],"wp:attachment":[{"href":"https:\/\/eskigazeteci.com\/index.php?rest_route=%2Fwp%2Fv2%2Fmedia&parent=1292"}],"wp:term":[{"taxonomy":"category","embeddable":true,"href":"https:\/\/eskigazeteci.com\/index.php?rest_route=%2Fwp%2Fv2%2Fcategories&post=1292"},{"taxonomy":"post_tag","embeddable":true,"href":"https:\/\/eskigazeteci.com\/index.php?rest_route=%2Fwp%2Fv2%2Ftags&post=1292"}],"curies":[{"name":"wp","href":"https:\/\/api.w.org\/{rel}","templated":true}]}}