{"id":1288,"date":"2026-02-11T12:42:25","date_gmt":"2026-02-11T12:42:25","guid":{"rendered":"https:\/\/eskigazeteci.com\/?p=1288"},"modified":"2026-02-11T12:42:25","modified_gmt":"2026-02-11T12:42:25","slug":"turkiyede-yalniz-yasayanlarin-en-az-oldugu-il-belli-oldu","status":"publish","type":"post","link":"https:\/\/eskigazeteci.com\/?p=1288","title":{"rendered":"T\u00fcrkiye&#8217;de yaln\u0131z ya\u015fayanlar\u0131n en az oldu\u011fu il belli oldu"},"content":{"rendered":"<p>T\u00fcrkiye \u0130statistik Kurumu ( T\u00dc\u0130K ) verilerinden derledi\u011fi bilgilere g\u00f6re, aralar\u0131nda akrabal\u0131k ba\u011f\u0131 bulunsun ya da bulunmas\u0131n ayn\u0131 adreste ya\u015fayan topluluklar\u0131 ifade eden &quot;hane halk\u0131&quot; say\u0131s\u0131, ge\u00e7en y\u0131l itibar\u0131yla 26 milyon 977 bin 795 olarak belirlendi.<\/p>\n<p>T\u00fcrkiye &#x27;de, tek ki\u015filik hane halk\u0131 say\u0131s\u0131 s\u00fcrekli y\u00fckselirken yaln\u0131z ya\u015fayanlar\u0131n say\u0131s\u0131 2016&#x27;da 3 milyon 316 bin 894&#x27;\u00fc, 2017&#x27;de 3 milyon 491 bin 148&#x27;i buldu. Tek ki\u015filik hane halk\u0131 say\u0131s\u0131, 2018&#x27;de 3 milyon 730 bin 505, 2019&#x27;da 4 milyon 62 bin 576 olarak kay\u0131tlara ge\u00e7ti.<\/p>\n<p>Yaln\u0131z ya\u015fayanlardaki art\u0131\u015f, Kovid-19 salg\u0131n\u0131n\u0131n etkili oldu\u011fu 2020 ve 2021 d\u00f6neminde dikkati \u00e7ekici boyutlara ula\u015ft\u0131. Kovid-19 salg\u0131n\u0131n\u0131n ya\u015fand\u0131\u011f\u0131 2020 y\u0131l\u0131nda bu say\u0131 342 bin 421 art\u0131\u015fla 4 milyon 404 bin 997&#x27;ye y\u00fckseldi. Son 10 y\u0131lda tek ki\u015filik hane halk\u0131 say\u0131s\u0131 en \u00e7ok, salg\u0131n\u0131n etkilerinin devam etti\u011fi 2021&#x27;de artt\u0131. S\u00f6z konusu y\u0131lda, tek ki\u015filik hane halk\u0131 say\u0131s\u0131 2020&#x27;ye g\u00f6re 376 bin 603 art\u0131\u015fla 4 milyon 781 bin 600&#x27;e \u00e7\u0131kt\u0131.<\/p>\n<p>Tek ba\u015f\u0131na ya\u015fayanlar\u0131n say\u0131s\u0131, 2022&#x27;de 285 bin 731 art\u0131\u015fla 5 milyon 67 bin 331&#x27;e, 2023&#x27;te 125 bin 494 art\u0131\u015fla 5 milyon 192 bin 825&#x27;e ula\u015ft\u0131. Bu say\u0131, 2024&#x27;te 128 bin 715 art\u0131\u015fla 5 milyon 321 bin 540&#x27;a \u00e7\u0131kt\u0131. Ge\u00e7en y\u0131l ise tek&#8230;<\/p>\n","protected":false},"excerpt":{"rendered":"<p>T\u00fcrkiye&#8217;de tek ki\u015filik hane halk\u0131 say\u0131s\u0131 2025&#8217;te 5,5 milyonu ge\u00e7erken yaln\u0131z ya\u015fayanlar\u0131n ba\u015f\u0131 \u00e7ekti\u011fi il 981 bin 614 ki\u015fiyle \u0130stanbul oldu. Yaln\u0131z&#8230;<\/p>\n","protected":false},"author":2,"featured_media":1287,"comment_status":"open","ping_status":"open","sticky":false,"template":"","format":"standard","meta":{"footnotes":""},"categories":[8,6,5],"tags":[],"class_list":["post-1288","post","type-post","status-publish","format-standard","has-post-thumbnail","hentry","category-arsiv","category-gundem","category-son-dakika"],"_links":{"self":[{"href":"https:\/\/eskigazeteci.com\/index.php?rest_route=\/wp\/v2\/posts\/1288","targetHints":{"allow":["GET"]}}],"collection":[{"href":"https:\/\/eskigazeteci.com\/index.php?rest_route=\/wp\/v2\/posts"}],"about":[{"href":"https:\/\/eskigazeteci.com\/index.php?rest_route=\/wp\/v2\/types\/post"}],"author":[{"embeddable":true,"href":"https:\/\/eskigazeteci.com\/index.php?rest_route=\/wp\/v2\/users\/2"}],"replies":[{"embeddable":true,"href":"https:\/\/eskigazeteci.com\/index.php?rest_route=%2Fwp%2Fv2%2Fcomments&post=1288"}],"version-history":[{"count":0,"href":"https:\/\/eskigazeteci.com\/index.php?rest_route=\/wp\/v2\/posts\/1288\/revisions"}],"wp:featuredmedia":[{"embeddable":true,"href":"https:\/\/eskigazeteci.com\/index.php?rest_route=\/wp\/v2\/media\/1287"}],"wp:attachment":[{"href":"https:\/\/eskigazeteci.com\/index.php?rest_route=%2Fwp%2Fv2%2Fmedia&parent=1288"}],"wp:term":[{"taxonomy":"category","embeddable":true,"href":"https:\/\/eskigazeteci.com\/index.php?rest_route=%2Fwp%2Fv2%2Fcategories&post=1288"},{"taxonomy":"post_tag","embeddable":true,"href":"https:\/\/eskigazeteci.com\/index.php?rest_route=%2Fwp%2Fv2%2Ftags&post=1288"}],"curies":[{"name":"wp","href":"https:\/\/api.w.org\/{rel}","templated":true}]}}