{"id":1286,"date":"2026-02-11T12:35:29","date_gmt":"2026-02-11T12:35:29","guid":{"rendered":"https:\/\/eskigazeteci.com\/?p=1286"},"modified":"2026-02-11T12:35:29","modified_gmt":"2026-02-11T12:35:29","slug":"rusyadan-abdye-nukleer-anlasma-mesaji","status":"publish","type":"post","link":"https:\/\/eskigazeteci.com\/?p=1286","title":{"rendered":"Rusya&#8217;dan ABD&#8217;ye n\u00fckleer anla\u015fma mesaj\u0131"},"content":{"rendered":"<p>Rusya D\u0131\u015fi\u015fleri Bakan\u0131 Sergey Lavrov , parlamentonun alt kanad\u0131 Devlet Dumas\u0131&#x27;nda, 5 \u015eubat itibar\u0131yla s\u00fcresi dolan New START antla\u015fmas\u0131na ili\u015fkin de\u011ferlendirmelerde bulundu. Lavrov, antla\u015fma kapsam\u0131ndaki s\u0131n\u0131rlamalardan vazge\u00e7mek i\u00e7in Washington y\u00f6netiminin acele etmedi\u011fine inand\u0131klar\u0131n\u0131 kaydetti.<\/p>\n<p>Rusya&#x27;n\u0131n n\u00fckleer silahlara y\u00f6nelik temel s\u0131n\u0131rlar\u0131 a\u015fmama moratoryumunun y\u00fcr\u00fcrl\u00fckte oldu\u011funu hat\u0131rlatan Lavrov, \u201cABD&#x27;nin de bu s\u0131n\u0131rlar\u0131 a\u015fmak i\u00e7in acele etmedi\u011fine ve bu s\u0131n\u0131rlar\u0131n bir s\u00fcre daha korunaca\u011f\u0131na inanmak i\u00e7in t\u00fcm gerek\u00e7elere sahibiz. Durumu dikkatle izleyece\u011fiz\u201d ifadelerini kulland\u0131.<\/p>\n<p>&#x27;YEN\u0130 B\u0130R ANLA\u015eMA M\u00dcMK\u00dcN&#x27;<\/p>\n<p>Stratejik istikrar konusunda Washington y\u00f6netiminin yap\u0131c\u0131 bir yakla\u015f\u0131m benimsemesi halinde yeni bir anla\u015fman\u0131n da m\u00fcmk\u00fcn oldu\u011funu bildiren Lavrov, \u201cE\u011fer ABD&#x27;li meslekta\u015flar\u0131m\u0131z bu alanda etkile\u015fimi s\u00fcrd\u00fcrme kararl\u0131l\u0131klar\u0131n\u0131 teyit ederlerse, yeni bir anla\u015fma \u00fczerinde aktif olarak \u00e7al\u0131\u015faca\u011f\u0131z ve stratejik istikrar konusunda \u00f6nceki antla\u015fmalar\u0131n kapsam\u0131 d\u0131\u015f\u0131nda kalan sorunlar\u0131 da ele alaca\u011f\u0131z\u201d a\u00e7\u0131klamas\u0131nda bulundu.<\/p>\n<p>Kolektif G\u00fcvenlik Antla\u015fmas\u0131 \u00d6rg\u00fct\u00fc (KGA\u00d6) \u00fclkeleri ve Kuzey Kore ba\u015fta olmak \u00fczere m\u00fcttefiklerinin g\u00fcvenli\u011fine ili\u015fkin t\u00fcm y\u00fck\u00fcml\u00fcl\u00fcklere uymaya devam&#8230;<\/p>\n","protected":false},"excerpt":{"rendered":"<p>Rusya D\u0131\u015fi\u015fleri Bakan\u0131 Sergey Lavrov, s\u00fcresi dolan \u2018Yeni Stratejik Silahlar\u0131n Azalt\u0131lmas\u0131 Antla\u015fmas\u0131\u2019 (New START) ile ilgili yapt\u0131\u011f\u0131 a\u00e7\u0131klamada, ABD&#8217;nin&#8230;<\/p>\n","protected":false},"author":2,"featured_media":1285,"comment_status":"open","ping_status":"open","sticky":false,"template":"","format":"standard","meta":{"footnotes":""},"categories":[8,6,5],"tags":[],"class_list":["post-1286","post","type-post","status-publish","format-standard","has-post-thumbnail","hentry","category-arsiv","category-gundem","category-son-dakika"],"_links":{"self":[{"href":"https:\/\/eskigazeteci.com\/index.php?rest_route=\/wp\/v2\/posts\/1286","targetHints":{"allow":["GET"]}}],"collection":[{"href":"https:\/\/eskigazeteci.com\/index.php?rest_route=\/wp\/v2\/posts"}],"about":[{"href":"https:\/\/eskigazeteci.com\/index.php?rest_route=\/wp\/v2\/types\/post"}],"author":[{"embeddable":true,"href":"https:\/\/eskigazeteci.com\/index.php?rest_route=\/wp\/v2\/users\/2"}],"replies":[{"embeddable":true,"href":"https:\/\/eskigazeteci.com\/index.php?rest_route=%2Fwp%2Fv2%2Fcomments&post=1286"}],"version-history":[{"count":0,"href":"https:\/\/eskigazeteci.com\/index.php?rest_route=\/wp\/v2\/posts\/1286\/revisions"}],"wp:featuredmedia":[{"embeddable":true,"href":"https:\/\/eskigazeteci.com\/index.php?rest_route=\/wp\/v2\/media\/1285"}],"wp:attachment":[{"href":"https:\/\/eskigazeteci.com\/index.php?rest_route=%2Fwp%2Fv2%2Fmedia&parent=1286"}],"wp:term":[{"taxonomy":"category","embeddable":true,"href":"https:\/\/eskigazeteci.com\/index.php?rest_route=%2Fwp%2Fv2%2Fcategories&post=1286"},{"taxonomy":"post_tag","embeddable":true,"href":"https:\/\/eskigazeteci.com\/index.php?rest_route=%2Fwp%2Fv2%2Ftags&post=1286"}],"curies":[{"name":"wp","href":"https:\/\/api.w.org\/{rel}","templated":true}]}}