{"id":1282,"date":"2026-02-11T12:32:26","date_gmt":"2026-02-11T12:32:26","guid":{"rendered":"https:\/\/eskigazeteci.com\/?p=1282"},"modified":"2026-02-11T12:32:26","modified_gmt":"2026-02-11T12:32:26","slug":"izmir-ramazan-imsakiyesi-2026","status":"publish","type":"post","link":"https:\/\/eskigazeteci.com\/?p=1282","title":{"rendered":"\u0130ZM\u0130R RAMAZAN \u0130MSAK\u0130YES\u0130 2026"},"content":{"rendered":"<p>Namaz vakitlerini H\u00fcrriyet uygulamas\u0131 ile takip edin!<\/p>\n<p>H\u00fcrriyet App<\/p>\n<p>Web<\/p>\n<p>\u0130zmir 2026 Ramazan imsakiyesi yay\u0131mland\u0131. Diyanet \u0130zmir imsakiyesi ile sahur (imsak) vakti ve iftar saati de netlik kazand\u0131. On bir ay\u0131n sultan\u0131 Ramazan, bu sene 19 \u015eubat 2026 Per\u015fembe g\u00fcn\u00fc tutulan ilk oru\u00e7la ba\u015flayacak. Oru\u00e7 ibadetini yerine getirecekler de &#x27;\u0130zmir sahur (imsak) vakti ne zaman, iftar saat ka\u00e7ta&#x27; aramalar\u0131na odakland\u0131. Diyanet Ramazan \u0130msakiyesi 2026 ile \u0130zmir sahur ve iftar vakitleri ile saat bilgisi detayl\u0131 olarak g\u00f6r\u00fcnt\u00fclenebilecek. Peki \u0130zmir&#x27;de ilk sahur ne zaman, iftar saat ka\u00e7ta yap\u0131lacak? \u0130\u015fte \u0130\u015fte \u0130zmir sahur vakti ve sabah ezan\u0131 saati 2026!<\/p>\n<p>Ramazan ay\u0131na say\u0131l\u0131 g\u00fcnler kald\u0131. 2026 Ramazan&#x27;\u0131n 18 \u015eubat&#x27;\u0131 19 \u015eubat&#x27;a ba\u011flayan gece yap\u0131lacak. 19 \u015eubat 2026 Per\u015fembe g\u00fcn\u00fc \u0130zmir sahur (imsak) vakti 06:29 olacak.<\/p>\n<p>Ramazan ay\u0131na say\u0131l\u0131 g\u00fcnler kald\u0131. 2026 Ramazan&#x27;\u0131n 18 \u015eubat&#x27;\u0131 19 \u015eubat&#x27;a ba\u011flayan gece yap\u0131lacak.<\/p>\n<p>19 \u015eubat 2026 Per\u015fembe g\u00fcn\u00fc \u0130zmir sahur (imsak) vakti 06:29 olacak.<\/p>\n<p>19 \u015eubat 2026 Per\u015fembe g\u00fcn\u00fc \u0130zmir&#x27;de iftar (ak\u015fam ezan\u0131) saat 19:00&#x27;da yap\u0131lacak.<\/p>\n<p>G\u00fcn Tarih \u0130msak (Sahur) G\u00fcne\u015f \u00d6\u011fle \u0130kindi Ak\u015fam (\u0130ftar) Yats\u0131 (Teravih) 1 19.02.2026 06:29 07:51 13:30 16:31 19:00 20:16 2 20.02.2026&#8230;<\/p>\n","protected":false},"excerpt":{"rendered":"<p>\u0130zmir ilk sahur ve iftar saati, 2026 Diyanet Ramazan takvimi ile belli oldu. M\u00fcbarek Ramazan ay\u0131na say\u0131l\u0131 g\u00fcnler kald\u0131. Bu sene ilk sahur 18 \u015eubat&#8217;\u0131 19 \u015eubat&#8230;<\/p>\n","protected":false},"author":2,"featured_media":1281,"comment_status":"open","ping_status":"open","sticky":false,"template":"","format":"standard","meta":{"footnotes":""},"categories":[8,6,5],"tags":[],"class_list":["post-1282","post","type-post","status-publish","format-standard","has-post-thumbnail","hentry","category-arsiv","category-gundem","category-son-dakika"],"_links":{"self":[{"href":"https:\/\/eskigazeteci.com\/index.php?rest_route=\/wp\/v2\/posts\/1282","targetHints":{"allow":["GET"]}}],"collection":[{"href":"https:\/\/eskigazeteci.com\/index.php?rest_route=\/wp\/v2\/posts"}],"about":[{"href":"https:\/\/eskigazeteci.com\/index.php?rest_route=\/wp\/v2\/types\/post"}],"author":[{"embeddable":true,"href":"https:\/\/eskigazeteci.com\/index.php?rest_route=\/wp\/v2\/users\/2"}],"replies":[{"embeddable":true,"href":"https:\/\/eskigazeteci.com\/index.php?rest_route=%2Fwp%2Fv2%2Fcomments&post=1282"}],"version-history":[{"count":0,"href":"https:\/\/eskigazeteci.com\/index.php?rest_route=\/wp\/v2\/posts\/1282\/revisions"}],"wp:featuredmedia":[{"embeddable":true,"href":"https:\/\/eskigazeteci.com\/index.php?rest_route=\/wp\/v2\/media\/1281"}],"wp:attachment":[{"href":"https:\/\/eskigazeteci.com\/index.php?rest_route=%2Fwp%2Fv2%2Fmedia&parent=1282"}],"wp:term":[{"taxonomy":"category","embeddable":true,"href":"https:\/\/eskigazeteci.com\/index.php?rest_route=%2Fwp%2Fv2%2Fcategories&post=1282"},{"taxonomy":"post_tag","embeddable":true,"href":"https:\/\/eskigazeteci.com\/index.php?rest_route=%2Fwp%2Fv2%2Ftags&post=1282"}],"curies":[{"name":"wp","href":"https:\/\/api.w.org\/{rel}","templated":true}]}}