{"id":1280,"date":"2026-02-11T12:26:57","date_gmt":"2026-02-11T12:26:57","guid":{"rendered":"https:\/\/eskigazeteci.com\/?p=1280"},"modified":"2026-02-11T12:26:57","modified_gmt":"2026-02-11T12:26:57","slug":"cumhurbaskani-erdogan-dem-parti-heyetini-kabul-etti","status":"publish","type":"post","link":"https:\/\/eskigazeteci.com\/?p=1280","title":{"rendered":"Cumhurba\u015fkan\u0131 Erdo\u011fan, DEM Parti Heyeti&#8217;ni kabul etti"},"content":{"rendered":"<p>Cumhurba\u015fkan\u0131 Recep Tayyip Erdo\u011fan, DEM Parti \u0130mral\u0131 heyetinde yer alan TBMM Ba\u015fkan Vekili ve Van Milletvekili Pervin Buldan ile \u015eanl\u0131urfa Milletvekili Mithat Sancar&#x27;\u0131 kabul etti.<\/p>\n<p>DEM PART\u0130&#x27;L\u0130 SANCAR: RAPORUN BU AY SONUNA YET\u0130\u015eMES\u0130 BEKLENEB\u0130L\u0130R<\/p>\n<p>DEM Parti \u0130mral\u0131 heyetinde yer alan TBMM Ba\u015fkan Vekili ve Van Milletvekili Pervin Buldan ile \u015eanl\u0131urfa Milletvekili Mithat Sancar, Cumhurba\u015fkan\u0131 Recep Tayyip Erdo\u011fan ile Cumhurba\u015fkanl\u0131\u011f\u0131 K\u00fclliyesi&#x27;nde yapacaklar\u0131 g\u00f6r\u00fc\u015fme \u00f6ncesinde TBMM&#x27;de bas\u0131n mensuplar\u0131na a\u00e7\u0131klama yapt\u0131. Buldan, g\u00f6r\u00fc\u015fmenin \u00f6nemli oldu\u011funu belirterek, &quot;S\u00fcre\u00e7 ba\u015flad\u0131\u011f\u0131ndan beri bu bizim 5\u2019inci ziyaretimiz olacak. Say\u0131n Cumhurba\u015fkan\u0131 ile zaman zaman bir araya geliyoruz. En son 3,5 ay \u00f6nce bir g\u00f6r\u00fc\u015fme ger\u00e7ekle\u015ftirmi\u015ftik. Bug\u00fcn tekrar bir araya gelece\u011fiz. Tabii s\u00fcrecin geldi\u011fi belli bir a\u015fama var. Meclis Komisyonu&#x27;nun rapor yaz\u0131m a\u015famas\u0131na girdi\u011fi bir d\u00f6nemde ve \u00f6zellikle s\u00fcrecin nas\u0131l ilerleyece\u011fine dair kamuoyunda b\u00fcy\u00fck bir beklenti var. Bug\u00fcn Say\u0131n Cumhurba\u015fkan\u0131 ile yapaca\u011f\u0131m\u0131z g\u00f6r\u00fc\u015fmede 4-5 \u00f6nemli g\u00fcndemimiz var. G\u00fcndemimizi burada a\u00e7mayaca\u011f\u0131z ancak g\u00f6r\u00fc\u015fme sonunda yaz\u0131l\u0131 bir a\u00e7\u0131klama yaparak sizleri ve kamuoyunu bilgilendirece\u011fiz&quot; dedi.<\/p>\n<p>&#x27;PART\u0130LERE TASLAK MET\u0130N&#8230;<\/p>\n","protected":false},"excerpt":{"rendered":"<p>Cumhurba\u015fkan\u0131 Recep Tayyip Erdo\u011fan, DEM Parti \u0130mral\u0131 heyetinde yer alan TBMM Ba\u015fkan Vekili ve Van Milletvekili Pervin Buldan ile \u015eanl\u0131urfa Milletvekili&#8230;<\/p>\n","protected":false},"author":2,"featured_media":1279,"comment_status":"open","ping_status":"open","sticky":false,"template":"","format":"standard","meta":{"footnotes":""},"categories":[8,6,5],"tags":[],"class_list":["post-1280","post","type-post","status-publish","format-standard","has-post-thumbnail","hentry","category-arsiv","category-gundem","category-son-dakika"],"_links":{"self":[{"href":"https:\/\/eskigazeteci.com\/index.php?rest_route=\/wp\/v2\/posts\/1280","targetHints":{"allow":["GET"]}}],"collection":[{"href":"https:\/\/eskigazeteci.com\/index.php?rest_route=\/wp\/v2\/posts"}],"about":[{"href":"https:\/\/eskigazeteci.com\/index.php?rest_route=\/wp\/v2\/types\/post"}],"author":[{"embeddable":true,"href":"https:\/\/eskigazeteci.com\/index.php?rest_route=\/wp\/v2\/users\/2"}],"replies":[{"embeddable":true,"href":"https:\/\/eskigazeteci.com\/index.php?rest_route=%2Fwp%2Fv2%2Fcomments&post=1280"}],"version-history":[{"count":0,"href":"https:\/\/eskigazeteci.com\/index.php?rest_route=\/wp\/v2\/posts\/1280\/revisions"}],"wp:featuredmedia":[{"embeddable":true,"href":"https:\/\/eskigazeteci.com\/index.php?rest_route=\/wp\/v2\/media\/1279"}],"wp:attachment":[{"href":"https:\/\/eskigazeteci.com\/index.php?rest_route=%2Fwp%2Fv2%2Fmedia&parent=1280"}],"wp:term":[{"taxonomy":"category","embeddable":true,"href":"https:\/\/eskigazeteci.com\/index.php?rest_route=%2Fwp%2Fv2%2Fcategories&post=1280"},{"taxonomy":"post_tag","embeddable":true,"href":"https:\/\/eskigazeteci.com\/index.php?rest_route=%2Fwp%2Fv2%2Ftags&post=1280"}],"curies":[{"name":"wp","href":"https:\/\/api.w.org\/{rel}","templated":true}]}}