{"id":128,"date":"2026-02-09T09:23:40","date_gmt":"2026-02-09T09:23:40","guid":{"rendered":"https:\/\/eskigazeteci.com\/?p=128"},"modified":"2026-02-09T09:23:40","modified_gmt":"2026-02-09T09:23:40","slug":"haber-39","status":"publish","type":"post","link":"https:\/\/eskigazeteci.com\/?p=128","title":{"rendered":"Haber"},"content":{"rendered":"<p>Orta Toroslar\u0131n 2 bin rak\u0131ml\u0131 tepelerinde kurulu mahallenin yaylalar\u0131nda, &#x27; hanay &#x27; ad\u0131 verilen yap\u0131larla y\u00fczy\u0131llard\u0131r s\u00fcrd\u00fcr\u00fclen ve &#x27;kara kovan bal\u0131&#x27; olarak bilinen bal \u00fcretimi , ay\u0131 sald\u0131r\u0131s\u0131 nedeniyle b\u00fcy\u00fck zarar g\u00f6rd\u00fc. Baz\u0131 hanaylar\u0131n demirlerini s\u00f6k\u00fcp, baz\u0131lar\u0131n\u0131n \u00e7at\u0131s\u0131ndan giren ay\u0131, y\u00fczlerce ar\u0131 kovan\u0131n\u0131 kullan\u0131lamaz hale getirdi.<\/p>\n<p>Ay\u0131 sald\u0131r\u0131s\u0131 nedeniyle zarar etti\u011fini s\u00f6yleyen bal \u00fcreticisi S\u00fcleyman Bina (69), &quot;Biz g\u00fcvenli olsun diye demirlerle kaplad\u0131k ama ay\u0131ya g\u00fcvenemiyoruz. Sadece benim de\u011fil, t\u00fcm kom\u015fular\u0131n bal\u0131n\u0131 yemi\u015f. Biz atalar\u0131m\u0131zdan beri bu i\u015fi yap\u0131yoruz. \u015eimdiye kadar b\u00f6yle bir \u015fey g\u00f6rmedik. Hi\u00e7bir \u015fey b\u0131rakmam\u0131\u015f. Devletimizden yard\u0131m istiyoruz&quot; dedi.<\/p>\n<p>&#x27;AC\u0130L \u00d6NLEM ALINMALI&#x27;<\/p>\n<p>Hanaylara sald\u0131ran ay\u0131n\u0131n, ar\u0131c\u0131l\u0131k yapan \u00e7ift\u00e7ilere b\u00fcy\u00fck zarar verdi\u011fini s\u00f6yleyen Hasan H\u00fcseyin Kahr\u0131man ise &quot;Buraya gelen ay\u0131, hanaylar\u0131 par\u00e7alad\u0131. Baz\u0131s\u0131na t\u00fcnel kazarak girdi, baz\u0131lar\u0131n\u0131n demirlerini s\u00f6kt\u00fc. \u00c7o\u011fu hanay\u0131 par\u00e7alam\u0131\u015f, ballar\u0131 t\u00fcketmi\u015f. Bu devam edip gidecek. Bu duruma acil \u00f6nlem al\u0131nmal\u0131. Bu b\u00f6lgede ar\u0131c\u0131l\u0131k, Roma D\u00f6nemi&#x27;nden bu yana devam ediyor. Buradaki insanlar ellerindeki imkanlarla bir \u015feyler yapmaya \u00e7al\u0131\u015f\u0131yor, ay\u0131 gelip y\u0131k\u0131yor. Bu duruma acil \u00f6nlem al\u0131nmas\u0131 gerekiyor&quot; diye konu\u015ftu.<\/p>\n<p>T\u00fcrkiye g\u00fcndeminden son dakika haberleri, bug\u00fcn ya\u015fanan en son geli\u015fmeler, siyaset g\u00fcndeminden g\u00fcncel haberler ve b\u00fct\u00fcn son dakika haberleri i\u00e7in H\u00fcrriyet&#x27;in internet haber sitesi hurriyet.com.tr; Hurriyet.com.tr haber i\u00e7erikleri kaynak g\u00f6sterilmeden al\u0131nt\u0131 yap\u0131lamaz, Kanuna ayk\u0131r\u0131 ve izinsiz olarak kopyalanamaz, ba\u015fka yerde yay\u0131nlanamaz.<\/p>\n","protected":false},"excerpt":{"rendered":"<p>Konya&#8217;n\u0131n Orta Toroslarda yer alan il\u00e7esi Ta\u015fkent&#8217;in Balc\u0131lar Mahallesi yaylalar\u0131ndaki &#8216;hanay&#8217; ad\u0131 verilen ve zamana meydan okuyan ta\u015f yap\u0131lara giren ay\u0131,&#8230;<\/p>\n","protected":false},"author":2,"featured_media":127,"comment_status":"open","ping_status":"open","sticky":false,"template":"","format":"standard","meta":{"footnotes":""},"categories":[8,3],"tags":[],"class_list":["post-128","post","type-post","status-publish","format-standard","has-post-thumbnail","hentry","category-arsiv","category-siyaset"],"_links":{"self":[{"href":"https:\/\/eskigazeteci.com\/index.php?rest_route=\/wp\/v2\/posts\/128","targetHints":{"allow":["GET"]}}],"collection":[{"href":"https:\/\/eskigazeteci.com\/index.php?rest_route=\/wp\/v2\/posts"}],"about":[{"href":"https:\/\/eskigazeteci.com\/index.php?rest_route=\/wp\/v2\/types\/post"}],"author":[{"embeddable":true,"href":"https:\/\/eskigazeteci.com\/index.php?rest_route=\/wp\/v2\/users\/2"}],"replies":[{"embeddable":true,"href":"https:\/\/eskigazeteci.com\/index.php?rest_route=%2Fwp%2Fv2%2Fcomments&post=128"}],"version-history":[{"count":0,"href":"https:\/\/eskigazeteci.com\/index.php?rest_route=\/wp\/v2\/posts\/128\/revisions"}],"wp:featuredmedia":[{"embeddable":true,"href":"https:\/\/eskigazeteci.com\/index.php?rest_route=\/wp\/v2\/media\/127"}],"wp:attachment":[{"href":"https:\/\/eskigazeteci.com\/index.php?rest_route=%2Fwp%2Fv2%2Fmedia&parent=128"}],"wp:term":[{"taxonomy":"category","embeddable":true,"href":"https:\/\/eskigazeteci.com\/index.php?rest_route=%2Fwp%2Fv2%2Fcategories&post=128"},{"taxonomy":"post_tag","embeddable":true,"href":"https:\/\/eskigazeteci.com\/index.php?rest_route=%2Fwp%2Fv2%2Ftags&post=128"}],"curies":[{"name":"wp","href":"https:\/\/api.w.org\/{rel}","templated":true}]}}