{"id":1278,"date":"2026-02-11T12:25:26","date_gmt":"2026-02-11T12:25:26","guid":{"rendered":"https:\/\/eskigazeteci.com\/?p=1278"},"modified":"2026-02-11T12:25:26","modified_gmt":"2026-02-11T12:25:26","slug":"rusyada-okula-silahli-saldiri-1-kisi-yasamini-yitirdi","status":"publish","type":"post","link":"https:\/\/eskigazeteci.com\/?p=1278","title":{"rendered":"Rusya&#8217;da okula silahl\u0131 sald\u0131r\u0131: 1 ki\u015fi ya\u015fam\u0131n\u0131 yitirdi"},"content":{"rendered":"<p>Anapa &#x27;n\u0131n ba\u011fl\u0131 oldu\u011fu Krasnodar Kray\u0131 Valisi Veniamin Kondratyev, yapt\u0131\u011f\u0131 a\u00e7\u0131klamada, \u015fehirdeki bir okulda silahl\u0131 sald\u0131r\u0131 meydana geldi\u011fini belirtti.<\/p>\n<p>Sald\u0131r\u0131da okulun g\u00fcvenlik g\u00f6revlisinin hayat\u0131n\u0131 kaybetti\u011fi bilgisini payla\u015fan Kondratyev, ilk belirlemelere g\u00f6re 3 ki\u015finin de yaraland\u0131\u011f\u0131n\u0131 ifade etti.<\/p>\n<p>Rusya \u0130\u00e7i\u015fleri Bakanl\u0131\u011f\u0131ndan yap\u0131lan yaz\u0131l\u0131 a\u00e7\u0131klamada ise sald\u0131rgan\u0131n yakalanarak g\u00f6zalt\u0131na al\u0131nd\u0131\u011f\u0131, olaya ili\u015fkin soru\u015fturma ba\u015flat\u0131ld\u0131\u011f\u0131 bildirildi.<\/p>\n<p>Yurtd\u0131\u015f\u0131nda ya\u015fanan en son olaylar, d\u00fcnya g\u00fcndemine oturan d\u0131\u015f haberler, son dakika d\u00fcnya haberleri, di\u011fer d\u00fcnya \u00fclkelerinden g\u00fcncel haberler i\u00e7in T\u00fcrkiye&#x27;nin haber sitesi hurriyet.com.tr; Hurriyet.com.tr haber i\u00e7erikleri kaynak g\u00f6sterilmeden al\u0131nt\u0131 yap\u0131lamaz, Kanuna ayk\u0131r\u0131 ve izinsiz olarak kopyalanamaz, ba\u015fka yerde yay\u0131nlanamaz.<\/p>\n","protected":false},"excerpt":{"rendered":"<p>Rusya&#8217;n\u0131n Anapa \u015fehrinde bir okulda d\u00fczenlenen silahl\u0131 sald\u0131r\u0131da bir ki\u015finin hayat\u0131n\u0131 kaybetti\u011fi, 3 ki\u015finin yaraland\u0131\u011f\u0131 kaydedildi.<\/p>\n","protected":false},"author":2,"featured_media":1277,"comment_status":"open","ping_status":"open","sticky":false,"template":"","format":"standard","meta":{"footnotes":""},"categories":[8,6,5],"tags":[],"class_list":["post-1278","post","type-post","status-publish","format-standard","has-post-thumbnail","hentry","category-arsiv","category-gundem","category-son-dakika"],"_links":{"self":[{"href":"https:\/\/eskigazeteci.com\/index.php?rest_route=\/wp\/v2\/posts\/1278","targetHints":{"allow":["GET"]}}],"collection":[{"href":"https:\/\/eskigazeteci.com\/index.php?rest_route=\/wp\/v2\/posts"}],"about":[{"href":"https:\/\/eskigazeteci.com\/index.php?rest_route=\/wp\/v2\/types\/post"}],"author":[{"embeddable":true,"href":"https:\/\/eskigazeteci.com\/index.php?rest_route=\/wp\/v2\/users\/2"}],"replies":[{"embeddable":true,"href":"https:\/\/eskigazeteci.com\/index.php?rest_route=%2Fwp%2Fv2%2Fcomments&post=1278"}],"version-history":[{"count":0,"href":"https:\/\/eskigazeteci.com\/index.php?rest_route=\/wp\/v2\/posts\/1278\/revisions"}],"wp:featuredmedia":[{"embeddable":true,"href":"https:\/\/eskigazeteci.com\/index.php?rest_route=\/wp\/v2\/media\/1277"}],"wp:attachment":[{"href":"https:\/\/eskigazeteci.com\/index.php?rest_route=%2Fwp%2Fv2%2Fmedia&parent=1278"}],"wp:term":[{"taxonomy":"category","embeddable":true,"href":"https:\/\/eskigazeteci.com\/index.php?rest_route=%2Fwp%2Fv2%2Fcategories&post=1278"},{"taxonomy":"post_tag","embeddable":true,"href":"https:\/\/eskigazeteci.com\/index.php?rest_route=%2Fwp%2Fv2%2Ftags&post=1278"}],"curies":[{"name":"wp","href":"https:\/\/api.w.org\/{rel}","templated":true}]}}