{"id":1276,"date":"2026-02-11T12:23:53","date_gmt":"2026-02-11T12:23:53","guid":{"rendered":"https:\/\/eskigazeteci.com\/?p=1276"},"modified":"2026-02-11T12:23:53","modified_gmt":"2026-02-11T12:23:53","slug":"jhon-duranin-fenerbahcede-kralikatilisi","status":"publish","type":"post","link":"https:\/\/eskigazeteci.com\/?p=1276","title":{"rendered":"Jhon Duran&#8217;\u0131n Fenerbah\u00e7e&#8217;de Kral\u0131kat\u0131l\u0131\u015f\u0131"},"content":{"rendered":"<p>Fenerbah\u00e7e &#x27;nin kiral\u0131k s\u00f6zle\u015fmesini feshetti\u011fi Jhon Duran, Zenit&#x27;e transfer oldu. Duran, 22 ya\u015f\u0131ndaki gen\u00e7 futbolcu i\u00e7in Rusya&#x27;da yeni bir d\u00f6n\u00fcm noktas\u0131na geldi.<\/p>\n","protected":false},"excerpt":{"rendered":"<p>The Athletic, Jhon Duran\u2019\u0131n transferi \u00fczerine yazd\u0131ran Jacob Tanswell taraf\u0131ndan yap\u0131lm\u0131\u015f.<\/p>\n","protected":false},"author":2,"featured_media":1275,"comment_status":"open","ping_status":"open","sticky":false,"template":"","format":"standard","meta":{"footnotes":""},"categories":[8,5,7],"tags":[],"class_list":["post-1276","post","type-post","status-publish","format-standard","has-post-thumbnail","hentry","category-arsiv","category-son-dakika","category-spor"],"_links":{"self":[{"href":"https:\/\/eskigazeteci.com\/index.php?rest_route=\/wp\/v2\/posts\/1276","targetHints":{"allow":["GET"]}}],"collection":[{"href":"https:\/\/eskigazeteci.com\/index.php?rest_route=\/wp\/v2\/posts"}],"about":[{"href":"https:\/\/eskigazeteci.com\/index.php?rest_route=\/wp\/v2\/types\/post"}],"author":[{"embeddable":true,"href":"https:\/\/eskigazeteci.com\/index.php?rest_route=\/wp\/v2\/users\/2"}],"replies":[{"embeddable":true,"href":"https:\/\/eskigazeteci.com\/index.php?rest_route=%2Fwp%2Fv2%2Fcomments&post=1276"}],"version-history":[{"count":0,"href":"https:\/\/eskigazeteci.com\/index.php?rest_route=\/wp\/v2\/posts\/1276\/revisions"}],"wp:featuredmedia":[{"embeddable":true,"href":"https:\/\/eskigazeteci.com\/index.php?rest_route=\/wp\/v2\/media\/1275"}],"wp:attachment":[{"href":"https:\/\/eskigazeteci.com\/index.php?rest_route=%2Fwp%2Fv2%2Fmedia&parent=1276"}],"wp:term":[{"taxonomy":"category","embeddable":true,"href":"https:\/\/eskigazeteci.com\/index.php?rest_route=%2Fwp%2Fv2%2Fcategories&post=1276"},{"taxonomy":"post_tag","embeddable":true,"href":"https:\/\/eskigazeteci.com\/index.php?rest_route=%2Fwp%2Fv2%2Ftags&post=1276"}],"curies":[{"name":"wp","href":"https:\/\/api.w.org\/{rel}","templated":true}]}}