{"id":1274,"date":"2026-02-11T12:22:24","date_gmt":"2026-02-11T12:22:24","guid":{"rendered":"https:\/\/eskigazeteci.com\/?p=1274"},"modified":"2026-02-11T12:22:24","modified_gmt":"2026-02-11T12:22:24","slug":"lucas-torreira-icin-transfer-itirafi-on-anlasmaya-vardik","status":"publish","type":"post","link":"https:\/\/eskigazeteci.com\/?p=1274","title":{"rendered":"Lucas Torreira i\u00e7in transfer itiraf\u0131: &#8216;\u00d6n anla\u015fmaya vard\u0131k&#8217;"},"content":{"rendered":"<p>Galatasaray &#x27;da 4. sezonunu ge\u00e7iren Uruguayl\u0131 orta saha oyuncusu Lucas Torreira&#x27;n\u0131n ara transfer d\u00f6neminde ailesine daha yak\u0131n olabilmek amac\u0131yla G\u00fcney Amerika&#x27;dan bir tak\u0131ma transfer olaca\u011f\u0131 iddialar\u0131 g\u00fcndeme gelmi\u015f ancak bu iddialar ger\u00e7e\u011fe d\u00f6n\u00fc\u015fmemi\u015fti.<\/p>\n<p>Atletico Mineiro Sportif Direkt\u00f6r\u00fc Paulo Bracks, ara transfer d\u00f6neminde Lucas Torreira ile g\u00f6r\u00fc\u015fmelerde bulunduklar\u0131n\u0131 ve \u00f6n anla\u015fmaya vard\u0131klar\u0131n\u0131 a\u00e7\u0131klad\u0131.<\/p>\n<p>Bracks, HGPlay TV&#x27;ye verdi\u011fi r\u00f6portajda, &quot;Lucas ile g\u00f6r\u00fc\u015fmeler yapt\u0131k, \u00fclkesine daha yak\u0131n olaca\u011f\u0131 bir proje sunduk, hatta \u00f6n anla\u015fmaya bile vard\u0131k. Ancak T\u00fcrkiye&#x27;deki s\u00f6zle\u015fmesi buraya gelmesini engelledi. Kul\u00fcb\u00fcnde \u00e7ok \u00fcst d\u00fczey bir oyuncu, bu y\u00fczden maalesef ba\u015faramad\u0131k.&quot; diye konu\u015ftu.<\/p>\n<p>ESK\u0130 TAKIM ARKADA\u015eI \u0130KNA ETMEYE \u00c7ALI\u015eTI<\/p>\n<p>Brezilya medyas\u0131ndaki haberlere g\u00f6re, 2020\/21 sezonunda Atletico Madrid&#x27;de Lucas Torreira ile tak\u0131m arkada\u015f\u0131 olan ve \u015fu anda Atletico Mineiro &#x27;da forma giyen Renan Lodi de Uruguayl\u0131 oyuncunun ikna s\u00fcrecine yard\u0131mc\u0131 oldu. Ancak Galatasaray, 2,5 y\u0131l daha s\u00f6zle\u015fmesi bulunan Uruguayl\u0131 orta sahan\u0131n ayr\u0131l\u0131\u011f\u0131na onay vermeyince transfer ger\u00e7ekle\u015fmedi.<\/p>\n<p>&quot;GALATASARAY&#x27;DA \u00c7OK MUTLUYUM, AMA A\u0130LEM HER ZAMAN \u00d6NCEL\u0130\u011e\u0130M OLACAK&quot; DEM\u0130\u015eT\u0130<\/p>\n<p>Lucas Torreira , 20&#8230;<\/p>\n","protected":false},"excerpt":{"rendered":"<p>Brezilya ekibi Atletico Mineiro, Galatasaray&#8217;\u0131n Uruguayl\u0131 orta saha oyuncusu Lucas Torreira ile \u00f6n anla\u015fmaya vard\u0131klar\u0131n\u0131 ancak sar\u0131-k\u0131rm\u0131z\u0131l\u0131lar\u0131 ikna&#8230;<\/p>\n","protected":false},"author":2,"featured_media":1273,"comment_status":"open","ping_status":"open","sticky":false,"template":"","format":"standard","meta":{"footnotes":""},"categories":[8,5,7],"tags":[],"class_list":["post-1274","post","type-post","status-publish","format-standard","has-post-thumbnail","hentry","category-arsiv","category-son-dakika","category-spor"],"_links":{"self":[{"href":"https:\/\/eskigazeteci.com\/index.php?rest_route=\/wp\/v2\/posts\/1274","targetHints":{"allow":["GET"]}}],"collection":[{"href":"https:\/\/eskigazeteci.com\/index.php?rest_route=\/wp\/v2\/posts"}],"about":[{"href":"https:\/\/eskigazeteci.com\/index.php?rest_route=\/wp\/v2\/types\/post"}],"author":[{"embeddable":true,"href":"https:\/\/eskigazeteci.com\/index.php?rest_route=\/wp\/v2\/users\/2"}],"replies":[{"embeddable":true,"href":"https:\/\/eskigazeteci.com\/index.php?rest_route=%2Fwp%2Fv2%2Fcomments&post=1274"}],"version-history":[{"count":0,"href":"https:\/\/eskigazeteci.com\/index.php?rest_route=\/wp\/v2\/posts\/1274\/revisions"}],"wp:featuredmedia":[{"embeddable":true,"href":"https:\/\/eskigazeteci.com\/index.php?rest_route=\/wp\/v2\/media\/1273"}],"wp:attachment":[{"href":"https:\/\/eskigazeteci.com\/index.php?rest_route=%2Fwp%2Fv2%2Fmedia&parent=1274"}],"wp:term":[{"taxonomy":"category","embeddable":true,"href":"https:\/\/eskigazeteci.com\/index.php?rest_route=%2Fwp%2Fv2%2Fcategories&post=1274"},{"taxonomy":"post_tag","embeddable":true,"href":"https:\/\/eskigazeteci.com\/index.php?rest_route=%2Fwp%2Fv2%2Ftags&post=1274"}],"curies":[{"name":"wp","href":"https:\/\/api.w.org\/{rel}","templated":true}]}}