{"id":1272,"date":"2026-02-11T12:13:58","date_gmt":"2026-02-11T12:13:58","guid":{"rendered":"https:\/\/eskigazeteci.com\/?p=1272"},"modified":"2026-02-11T12:13:58","modified_gmt":"2026-02-11T12:13:58","slug":"ozgecan-aslan-mezari-basinda-gozyaslariyla-anildi-allah-hicbir-anneye-babaya-bu-aciyi-gostermesin","status":"publish","type":"post","link":"https:\/\/eskigazeteci.com\/?p=1272","title":{"rendered":"\u00d6zgecan Aslan, mezar\u0131 ba\u015f\u0131nda g\u00f6zya\u015flar\u0131yla an\u0131ld\u0131! &#8216;Allah hi\u00e7bir anneye babaya bu ac\u0131y\u0131 g\u00f6stermesin&#8217;"},"content":{"rendered":"<p>Tarsus&#x27;ta 2015 y\u0131l\u0131nda dersten \u00e7\u0131kt\u0131ktan sonra evine gitmek i\u00e7in bindi\u011fi minib\u00fcs\u00fcn \u015fof\u00f6r\u00fc Ahmet Suphi Alt\u0131nd\u00f6ken taraf\u0131ndan \u00f6ld\u00fcr\u00fclen \u00d6zgecan Aslan &#x27;\u0131 anmak i\u00e7in annesi Song\u00fcl ve babas\u0131 Mehmet Aslan ile yak\u0131nlar\u0131, Mersin \u015eehir Mezarl\u0131\u011f\u0131&#x27;ndaki kabrinin ba\u015f\u0131na geldi. Ailesi ve yak\u0131nlar\u0131, Aslan i\u00e7in dua edip, mezar\u0131na \u00e7i\u00e7ek b\u0131rakt\u0131. Burada \u00d6zgecan Aslan &#x27;\u0131 anan anne ve babas\u0131, g\u00f6zya\u015flar\u0131na hakim olamad\u0131.<\/p>\n<p>Anmada konu\u015fan baba Mehmet Aslan, &quot;Bug\u00fcn 11\u2019inci y\u0131l. Sanki r\u00fcyaday\u0131z. 11 y\u0131l ge\u00e7mi\u015f. Uzak diyarlardan ve yak\u0131n diyarlardan bizi yaln\u0131z b\u0131rakmayan b\u00fct\u00fcn dostlara te\u015fekk\u00fcr ederim&quot; dedi.<\/p>\n<p>&#x27;HAYALLER\u0130, HEDEFLER\u0130 VARDI&#x27;<\/p>\n<p>Anne Song\u00fcl Aslan da k\u0131zlar\u0131n\u0131n 11 y\u0131ld\u0131r aralar\u0131nda olmad\u0131\u011f\u0131n\u0131 dile getirerek, &quot;\u00d6zgem g\u00f6\u00e7 edeli 11 y\u0131l oldu. Allah hi\u00e7bir anneye babaya bu ac\u0131y\u0131 g\u00f6stermesin. Evlad\u0131m\u0131n hi\u00e7bir su\u00e7u yoktu. Hayalleri, hedefleri vard\u0131. &#x27;Anne okuyup d\u00fcnyan\u0131n en iyi psikolo\u011fu olaca\u011f\u0131m&#x27; diyordu. \u00c7ok d\u00fcr\u00fcst, namuslu, pozitif bir \u00e7ocuktu. G\u00fcler y\u00fczl\u00fc, i\u015finde g\u00fcc\u00fcnde, derslerine \u00e7al\u0131\u015fan bir k\u0131zd\u0131. Allah bu ac\u0131y\u0131 ona ya\u015fatanlara ayn\u0131 ac\u0131y\u0131 ya\u015fats\u0131n diyorum. Su\u00e7suz, g\u00fcnahs\u0131z evlatlar\u0131m\u0131z bir bir gidiyor. Allah onlara ayn\u0131s\u0131n\u0131 ya\u015fats\u0131n&quot; diye konu\u015ftu. Anman\u0131n ard\u0131ndan aile, ba\u015fsa\u011fl\u0131\u011f\u0131 dileklerini&#8230;<\/p>\n","protected":false},"excerpt":{"rendered":"<p>Mersin&#8217;in Tarsus il\u00e7esinde 11 y\u0131l \u00f6nce bindi\u011fi minib\u00fcs\u00fcn \u015fof\u00f6r\u00fc taraf\u0131ndan \u00f6ld\u00fcr\u00fclen \u00fcniversite \u00f6\u011frencisi \u00d6zgecan Aslan (20), mezar\u0131 ba\u015f\u0131nda an\u0131ld\u0131&#8230;.<\/p>\n","protected":false},"author":2,"featured_media":1271,"comment_status":"open","ping_status":"open","sticky":false,"template":"","format":"standard","meta":{"footnotes":""},"categories":[8,6,5],"tags":[],"class_list":["post-1272","post","type-post","status-publish","format-standard","has-post-thumbnail","hentry","category-arsiv","category-gundem","category-son-dakika"],"_links":{"self":[{"href":"https:\/\/eskigazeteci.com\/index.php?rest_route=\/wp\/v2\/posts\/1272","targetHints":{"allow":["GET"]}}],"collection":[{"href":"https:\/\/eskigazeteci.com\/index.php?rest_route=\/wp\/v2\/posts"}],"about":[{"href":"https:\/\/eskigazeteci.com\/index.php?rest_route=\/wp\/v2\/types\/post"}],"author":[{"embeddable":true,"href":"https:\/\/eskigazeteci.com\/index.php?rest_route=\/wp\/v2\/users\/2"}],"replies":[{"embeddable":true,"href":"https:\/\/eskigazeteci.com\/index.php?rest_route=%2Fwp%2Fv2%2Fcomments&post=1272"}],"version-history":[{"count":0,"href":"https:\/\/eskigazeteci.com\/index.php?rest_route=\/wp\/v2\/posts\/1272\/revisions"}],"wp:featuredmedia":[{"embeddable":true,"href":"https:\/\/eskigazeteci.com\/index.php?rest_route=\/wp\/v2\/media\/1271"}],"wp:attachment":[{"href":"https:\/\/eskigazeteci.com\/index.php?rest_route=%2Fwp%2Fv2%2Fmedia&parent=1272"}],"wp:term":[{"taxonomy":"category","embeddable":true,"href":"https:\/\/eskigazeteci.com\/index.php?rest_route=%2Fwp%2Fv2%2Fcategories&post=1272"},{"taxonomy":"post_tag","embeddable":true,"href":"https:\/\/eskigazeteci.com\/index.php?rest_route=%2Fwp%2Fv2%2Ftags&post=1272"}],"curies":[{"name":"wp","href":"https:\/\/api.w.org\/{rel}","templated":true}]}}