{"id":1270,"date":"2026-02-11T12:12:26","date_gmt":"2026-02-11T12:12:26","guid":{"rendered":"https:\/\/eskigazeteci.com\/?p=1270"},"modified":"2026-02-11T12:12:26","modified_gmt":"2026-02-11T12:12:26","slug":"turkiyeden-kanadaya-taziye-mesaji","status":"publish","type":"post","link":"https:\/\/eskigazeteci.com\/?p=1270","title":{"rendered":"T\u00fcrkiye&#8217;den Kanada&#8217;ya taziye mesaj\u0131"},"content":{"rendered":"<p>D\u0131\u015fi\u015fleri Bakanl\u0131\u011f\u0131 , Kanada\u2019n\u0131n British Columbia eyaletinde bir okulda 10 \u015eubat\u2019ta meydana gelen silahl\u0131 sald\u0131r\u0131ya ili\u015fkin taziye mesaj\u0131 yay\u0131mlad\u0131.<\/p>\n<p>Bakanl\u0131\u011f\u0131n payla\u015f\u0131m\u0131nda, sald\u0131r\u0131da ya\u015fanan can kay\u0131plar\u0131ndan dolay\u0131 derin \u00fcz\u00fcnt\u00fc duyuldu\u011fu belirtildi.<\/p>\n<p>A\u00e7\u0131klamada, \u201c Kanada \u2019n\u0131n British Columbia eyaletindeki bir okulda d\u00fcn (10 \u015eubat) meydana gelen silahl\u0131 sald\u0131r\u0131da ya\u015fanan can kay\u0131plar\u0131ndan \u00f6t\u00fcr\u00fc \u00fcz\u00fcnt\u00fc duyuyoruz. Bu menfur sald\u0131r\u0131da ya\u015fam\u0131n\u0131 yitirenlerin yak\u0131nlar\u0131na ve Kanada halk\u0131na ba\u015fsa\u011fl\u0131\u011f\u0131 dileklerimizi sunuyor, yaral\u0131lara acil \u015fifalar diliyoruz.\u201d ifadelerine yer verildi.<\/p>\n<p>Yurtd\u0131\u015f\u0131nda ya\u015fanan en son olaylar, d\u00fcnya g\u00fcndemine oturan d\u0131\u015f haberler, son dakika d\u00fcnya haberleri, di\u011fer d\u00fcnya \u00fclkelerinden g\u00fcncel haberler i\u00e7in T\u00fcrkiye&#x27;nin haber sitesi hurriyet.com.tr; Hurriyet.com.tr haber i\u00e7erikleri kaynak g\u00f6sterilmeden al\u0131nt\u0131 yap\u0131lamaz, Kanuna ayk\u0131r\u0131 ve izinsiz olarak kopyalanamaz, ba\u015fka yerde yay\u0131nlanamaz.<\/p>\n","protected":false},"excerpt":{"rendered":"<p>D\u0131\u015fi\u015fleri Bakanl\u0131\u011f\u0131 taraf\u0131ndan Kanada\u2019daki okul sald\u0131r\u0131s\u0131na ili\u015fkin taziye mesaj\u0131 yay\u0131nland\u0131. Bakanl\u0131\u011f\u0131n mesaj\u0131nda, sald\u0131r\u0131da ya\u015fanan can kay\u0131plar\u0131ndan&#8230;<\/p>\n","protected":false},"author":2,"featured_media":1269,"comment_status":"open","ping_status":"open","sticky":false,"template":"","format":"standard","meta":{"footnotes":""},"categories":[8,6,5],"tags":[],"class_list":["post-1270","post","type-post","status-publish","format-standard","has-post-thumbnail","hentry","category-arsiv","category-gundem","category-son-dakika"],"_links":{"self":[{"href":"https:\/\/eskigazeteci.com\/index.php?rest_route=\/wp\/v2\/posts\/1270","targetHints":{"allow":["GET"]}}],"collection":[{"href":"https:\/\/eskigazeteci.com\/index.php?rest_route=\/wp\/v2\/posts"}],"about":[{"href":"https:\/\/eskigazeteci.com\/index.php?rest_route=\/wp\/v2\/types\/post"}],"author":[{"embeddable":true,"href":"https:\/\/eskigazeteci.com\/index.php?rest_route=\/wp\/v2\/users\/2"}],"replies":[{"embeddable":true,"href":"https:\/\/eskigazeteci.com\/index.php?rest_route=%2Fwp%2Fv2%2Fcomments&post=1270"}],"version-history":[{"count":0,"href":"https:\/\/eskigazeteci.com\/index.php?rest_route=\/wp\/v2\/posts\/1270\/revisions"}],"wp:featuredmedia":[{"embeddable":true,"href":"https:\/\/eskigazeteci.com\/index.php?rest_route=\/wp\/v2\/media\/1269"}],"wp:attachment":[{"href":"https:\/\/eskigazeteci.com\/index.php?rest_route=%2Fwp%2Fv2%2Fmedia&parent=1270"}],"wp:term":[{"taxonomy":"category","embeddable":true,"href":"https:\/\/eskigazeteci.com\/index.php?rest_route=%2Fwp%2Fv2%2Fcategories&post=1270"},{"taxonomy":"post_tag","embeddable":true,"href":"https:\/\/eskigazeteci.com\/index.php?rest_route=%2Fwp%2Fv2%2Ftags&post=1270"}],"curies":[{"name":"wp","href":"https:\/\/api.w.org\/{rel}","templated":true}]}}