{"id":1268,"date":"2026-02-11T12:03:21","date_gmt":"2026-02-11T12:03:21","guid":{"rendered":"https:\/\/eskigazeteci.com\/?p=1268"},"modified":"2026-02-11T12:03:21","modified_gmt":"2026-02-11T12:03:21","slug":"abd-nijeryadaki-askeri-yiginagini-genisletiyor","status":"publish","type":"post","link":"https:\/\/eskigazeteci.com\/?p=1268","title":{"rendered":"ABD Nijerya&#8217;daki askeri y\u0131\u011f\u0131na\u011f\u0131n\u0131 geni\u015fletiyor"},"content":{"rendered":"<p>Haberlerde, ABD y\u00f6netiminin, Bat\u0131 Afrika&#x27;da ve \u00f6zellikle Nijerya&#x27;da artan ter\u00f6r faaliyetlerinden ciddi endi\u015fe duydu\u011fu aktar\u0131larak,<\/p>\n","protected":false},"excerpt":{"rendered":"<p>200 asker}<\/p>\n","protected":false},"author":2,"featured_media":1267,"comment_status":"open","ping_status":"open","sticky":false,"template":"","format":"standard","meta":{"footnotes":""},"categories":[8,6,5],"tags":[],"class_list":["post-1268","post","type-post","status-publish","format-standard","has-post-thumbnail","hentry","category-arsiv","category-gundem","category-son-dakika"],"_links":{"self":[{"href":"https:\/\/eskigazeteci.com\/index.php?rest_route=\/wp\/v2\/posts\/1268","targetHints":{"allow":["GET"]}}],"collection":[{"href":"https:\/\/eskigazeteci.com\/index.php?rest_route=\/wp\/v2\/posts"}],"about":[{"href":"https:\/\/eskigazeteci.com\/index.php?rest_route=\/wp\/v2\/types\/post"}],"author":[{"embeddable":true,"href":"https:\/\/eskigazeteci.com\/index.php?rest_route=\/wp\/v2\/users\/2"}],"replies":[{"embeddable":true,"href":"https:\/\/eskigazeteci.com\/index.php?rest_route=%2Fwp%2Fv2%2Fcomments&post=1268"}],"version-history":[{"count":0,"href":"https:\/\/eskigazeteci.com\/index.php?rest_route=\/wp\/v2\/posts\/1268\/revisions"}],"wp:featuredmedia":[{"embeddable":true,"href":"https:\/\/eskigazeteci.com\/index.php?rest_route=\/wp\/v2\/media\/1267"}],"wp:attachment":[{"href":"https:\/\/eskigazeteci.com\/index.php?rest_route=%2Fwp%2Fv2%2Fmedia&parent=1268"}],"wp:term":[{"taxonomy":"category","embeddable":true,"href":"https:\/\/eskigazeteci.com\/index.php?rest_route=%2Fwp%2Fv2%2Fcategories&post=1268"},{"taxonomy":"post_tag","embeddable":true,"href":"https:\/\/eskigazeteci.com\/index.php?rest_route=%2Fwp%2Fv2%2Ftags&post=1268"}],"curies":[{"name":"wp","href":"https:\/\/api.w.org\/{rel}","templated":true}]}}