{"id":1264,"date":"2026-02-11T11:52:24","date_gmt":"2026-02-11T11:52:24","guid":{"rendered":"https:\/\/eskigazeteci.com\/?p=1264"},"modified":"2026-02-11T11:52:24","modified_gmt":"2026-02-11T11:52:24","slug":"umut-kurt-inci-tanelerinde","status":"publish","type":"post","link":"https:\/\/eskigazeteci.com\/?p=1264","title":{"rendered":"Umut Kurt, \u0130nci Taneleri&#8217;nde"},"content":{"rendered":"<p>Servan karakteriyle hik\u00e2yedeki yerini alan Kurt, yay\u0131nlanan tan\u0131t\u0131mda seslendirdi\u011fi, Y\u0131lmaz Erdo\u011fan imzal\u0131 \u201cGurbetteyiz\u201d isimli eserdeki performans\u0131yla b\u00fcy\u00fck be\u011feni toplad\u0131.<\/p>\n<p>M\u00fczi\u011fini Furkan R\u0131za Demirel ve Deniz Erdo\u011fan\u2019\u0131n birlikte haz\u0131rlad\u0131\u011f\u0131 \u015fark\u0131, fragman\u0131n yay\u0131nlanmas\u0131yla sanal medyada g\u00fcndem oldu.<\/p>\n<p>G\u0130ZEML\u0130 B\u0130R KARAKTER: SERVAN<\/p>\n<p>Ge\u00e7mi\u015fiyle y\u00fczle\u015fmemi\u015f, i\u00e7ine att\u0131klar\u0131yla ya\u015fayan Servan, \u0130nci Taneleri\u2019nin yeni b\u00f6l\u00fcmlerinde ya\u015fanacak geli\u015fmelerin \u00f6nemli kilometre ta\u015flar\u0131ndan biri olacak.<\/p>\n<p>Dilber\u2019in ge\u00e7mi\u015finde derin izler b\u0131rakan bu gizemli karakter, sessizli\u011fi ve ta\u015f\u0131d\u0131\u011f\u0131 hik\u00e2yeyle dizide yeni bir sayfa a\u00e7acak. Servan\u2019\u0131n hik\u00e2yesi a\u00e7\u0131ld\u0131k\u00e7a, Dilber ve Azem cephesinde i\u015fler daha da karma\u015f\u0131k bir h\u00e2l alacak.<\/p>\n<p>BKM imzal\u0131 \u0130nci Taneleri , yeni b\u00f6l\u00fcm\u00fcyle bu ak\u015fam saat 20.00\u2019de Kanal D\u2019de.<\/p>\n<p>T\u00fcrkiye&#x27;den ve D\u00fcnya\u2019dan son dakika haberleri, k\u00f6\u015fe yaz\u0131lar\u0131, magazinden siyasete, spordan seyahate b\u00fct\u00fcn konular\u0131n tek adresi Hurriyet.com.tr haber i\u00e7erikleri izin al\u0131nmadan, kaynak g\u00f6sterilerek dahi iktibas edilemez. Kanuna ayk\u0131r\u0131 ve izinsiz olarak kopyalanamaz, ba\u015fka yerde yay\u0131nlanamaz.<\/p>\n","protected":false},"excerpt":{"rendered":"<p>Ba\u015far\u0131l\u0131 oyuncu Umut Kurt, Kanal D\u2019nin fenomen dizisi \u0130nci Taneleri\u2019nin kadrosuna kat\u0131ld\u0131.<\/p>\n","protected":false},"author":2,"featured_media":1263,"comment_status":"open","ping_status":"open","sticky":false,"template":"","format":"standard","meta":{"footnotes":""},"categories":[8,6,5],"tags":[],"class_list":["post-1264","post","type-post","status-publish","format-standard","has-post-thumbnail","hentry","category-arsiv","category-gundem","category-son-dakika"],"_links":{"self":[{"href":"https:\/\/eskigazeteci.com\/index.php?rest_route=\/wp\/v2\/posts\/1264","targetHints":{"allow":["GET"]}}],"collection":[{"href":"https:\/\/eskigazeteci.com\/index.php?rest_route=\/wp\/v2\/posts"}],"about":[{"href":"https:\/\/eskigazeteci.com\/index.php?rest_route=\/wp\/v2\/types\/post"}],"author":[{"embeddable":true,"href":"https:\/\/eskigazeteci.com\/index.php?rest_route=\/wp\/v2\/users\/2"}],"replies":[{"embeddable":true,"href":"https:\/\/eskigazeteci.com\/index.php?rest_route=%2Fwp%2Fv2%2Fcomments&post=1264"}],"version-history":[{"count":0,"href":"https:\/\/eskigazeteci.com\/index.php?rest_route=\/wp\/v2\/posts\/1264\/revisions"}],"wp:featuredmedia":[{"embeddable":true,"href":"https:\/\/eskigazeteci.com\/index.php?rest_route=\/wp\/v2\/media\/1263"}],"wp:attachment":[{"href":"https:\/\/eskigazeteci.com\/index.php?rest_route=%2Fwp%2Fv2%2Fmedia&parent=1264"}],"wp:term":[{"taxonomy":"category","embeddable":true,"href":"https:\/\/eskigazeteci.com\/index.php?rest_route=%2Fwp%2Fv2%2Fcategories&post=1264"},{"taxonomy":"post_tag","embeddable":true,"href":"https:\/\/eskigazeteci.com\/index.php?rest_route=%2Fwp%2Fv2%2Ftags&post=1264"}],"curies":[{"name":"wp","href":"https:\/\/api.w.org\/{rel}","templated":true}]}}