{"id":1262,"date":"2026-02-11T11:45:26","date_gmt":"2026-02-11T11:45:26","guid":{"rendered":"https:\/\/eskigazeteci.com\/?p=1262"},"modified":"2026-02-11T11:45:26","modified_gmt":"2026-02-11T11:45:26","slug":"aziz-ihsan-aktas-4-klasorle-hakim-karsisina-cikti-itirafci-olma-surecini-boyle-anlatti","status":"publish","type":"post","link":"https:\/\/eskigazeteci.com\/?p=1262","title":{"rendered":"Aziz \u0130hsan Akta\u015f, 4 klas\u00f6rle hakim kar\u015f\u0131s\u0131na \u00e7\u0131kt\u0131&#8230; \u0130tiraf\u00e7\u0131 olma s\u00fcrecini b\u00f6yle anlatt\u0131"},"content":{"rendered":"<p>\u0130stanbul 1. A\u011f\u0131r Ceza Mahkemesince Silivri\u2019deki Marmara Kapal\u0131 Ceza \u0130nfaz Kurumu\u2019nun kar\u015f\u0131s\u0131ndaki 1 No\u2019lu salonda yap\u0131lan duru\u015fmaya, g\u00f6revden uzakla\u015ft\u0131r\u0131lan Be\u015fikta\u015f Belediye Ba\u015fkan\u0131 R\u0131za Akpolat, Avc\u0131lar Belediye Ba\u015fkan\u0131 Utku Caner \u00c7aykara, Seyhan Belediye Ba\u015fkan\u0131 Oya Tekin ve Ceyhan Belediye Ba\u015fkan\u0131 Kadir Aydar\u2019\u0131n aras\u0131nda oldu\u011fu tutuklu san\u0131klar ve su\u00e7 \u00f6rg\u00fct\u00fc lideri oldu\u011fu \u00f6ne s\u00fcr\u00fclen Aziz \u0130hsan Akta\u015f ve Adana Belediye Ba\u015fkan\u0131 Zeydan Karalar\u2019\u0131n aras\u0131nda bulundu\u011fu tutuksuz san\u0131klar ile avukatlar\u0131 kat\u0131ld\u0131. Duru\u015fma tutuksuz san\u0131klar\u0131n savunmalar\u0131n\u0131n al\u0131nmas\u0131yla devam edildi.<\/p>\n<p>4 KLOS\u00d6RLE HAK\u0130M KAR\u015eISINA \u00c7IKTI<\/p>\n<p>63 eyleme kar\u015f\u0131 savunma yapacak olan su\u00e7 \u00f6rg\u00fct\u00fc lideri tutuksuz san\u0131k Aziz \u0130hsan Akta\u015f beraberindeki 4 klas\u00f6r ile san\u0131k k\u00fcrs\u00fcs\u00fcne \u00e7\u0131kt\u0131. \u00d6zge\u00e7mi\u015finden bahseden Akta\u015f 10 y\u0131ld\u0131r \u0130stanbul\u2019da ticaret yapt\u0131\u011f\u0131n\u0131 belirterek, \u201c\u0130ddianamede onlarca \u015firkete sahip oldu\u011fum ya da akrabalar\u0131m \u00fczerine kay\u0131tl\u0131 \u015firketlerim oldu\u011fu yaz\u0131lsa da y\u00f6netti\u011fim, sahibi oldu\u011fum \u015firket say\u0131s\u0131 ikidir. Yak\u0131nlar\u0131mla ticaret yap\u0131yor muyum? Evet. Yak\u0131nlar\u0131ma ait \u015firketlerle ilgili fikir al\u0131\u015fveri\u015fimiz olmu\u015ftur. Ceza yarg\u0131lamas\u0131 alg\u0131yla de\u011fil, delillerle y\u00fcr\u00fct\u00fcl\u00fcr. Beraat edece\u011fimden eminim.\u201d dedi.<\/p>\n<p>\u0130T\u0130RAF\u00c7I&#8230;<\/p>\n","protected":false},"excerpt":{"rendered":"<p>\u0130\u015f insan\u0131 Aziz \u0130hsan Akta\u015f&#8217;\u0131n liderli\u011fini yapt\u0131\u011f\u0131 \u00f6ne s\u00fcr\u00fclen su\u00e7 \u00f6rg\u00fct\u00fcn\u00fcn, belediye ba\u015fkanlar\u0131 ile belediyelerin \u00fcst d\u00fczey y\u00f6neticilerine r\u00fc\u015fvet vererek&#8230;<\/p>\n","protected":false},"author":2,"featured_media":1261,"comment_status":"open","ping_status":"open","sticky":false,"template":"","format":"standard","meta":{"footnotes":""},"categories":[8,6,5],"tags":[],"class_list":["post-1262","post","type-post","status-publish","format-standard","has-post-thumbnail","hentry","category-arsiv","category-gundem","category-son-dakika"],"_links":{"self":[{"href":"https:\/\/eskigazeteci.com\/index.php?rest_route=\/wp\/v2\/posts\/1262","targetHints":{"allow":["GET"]}}],"collection":[{"href":"https:\/\/eskigazeteci.com\/index.php?rest_route=\/wp\/v2\/posts"}],"about":[{"href":"https:\/\/eskigazeteci.com\/index.php?rest_route=\/wp\/v2\/types\/post"}],"author":[{"embeddable":true,"href":"https:\/\/eskigazeteci.com\/index.php?rest_route=\/wp\/v2\/users\/2"}],"replies":[{"embeddable":true,"href":"https:\/\/eskigazeteci.com\/index.php?rest_route=%2Fwp%2Fv2%2Fcomments&post=1262"}],"version-history":[{"count":0,"href":"https:\/\/eskigazeteci.com\/index.php?rest_route=\/wp\/v2\/posts\/1262\/revisions"}],"wp:featuredmedia":[{"embeddable":true,"href":"https:\/\/eskigazeteci.com\/index.php?rest_route=\/wp\/v2\/media\/1261"}],"wp:attachment":[{"href":"https:\/\/eskigazeteci.com\/index.php?rest_route=%2Fwp%2Fv2%2Fmedia&parent=1262"}],"wp:term":[{"taxonomy":"category","embeddable":true,"href":"https:\/\/eskigazeteci.com\/index.php?rest_route=%2Fwp%2Fv2%2Fcategories&post=1262"},{"taxonomy":"post_tag","embeddable":true,"href":"https:\/\/eskigazeteci.com\/index.php?rest_route=%2Fwp%2Fv2%2Ftags&post=1262"}],"curies":[{"name":"wp","href":"https:\/\/api.w.org\/{rel}","templated":true}]}}