{"id":126,"date":"2026-02-09T09:23:39","date_gmt":"2026-02-09T09:23:39","guid":{"rendered":"https:\/\/eskigazeteci.com\/?p=126"},"modified":"2026-02-09T09:23:39","modified_gmt":"2026-02-09T09:23:39","slug":"haber-38","status":"publish","type":"post","link":"https:\/\/eskigazeteci.com\/?p=126","title":{"rendered":"Haber"},"content":{"rendered":"<p>Karl\u0131 arazide g\u00f6r\u00fclen va\u015fak , yolun kar\u015f\u0131s\u0131na ge\u00e7meye \u00e7al\u0131\u015ft\u0131\u011f\u0131 s\u0131rada o g\u00fczergahtan arac\u0131yla ilerleyen Vedat \u00d6zeler\u2019in dikkatini \u00e7ekti. Va\u015fa\u011f\u0131 cep telefonu kameras\u0131yla kayda alan \u00d6zeler&#x27;in g\u00f6r\u00fcnt\u00fclerinde, iri c\u00fcsseli va\u015fa\u011f\u0131n yolun kar\u015f\u0131 taraf\u0131na ge\u00e7ti\u011fi g\u00f6r\u00fcl\u00fcyor.<\/p>\n<p>D\u00fcnya Do\u011fa ve Do\u011fal Kaynaklar\u0131 Koruma Birli\u011fi listesinde yer alan, kediden yakla\u015f\u0131k be\u015f kat daha b\u00fcy\u00fck olabilen va\u015faklar, ortalama 20-25 kilogram a\u011f\u0131rl\u0131\u011fa ula\u015fabiliyor. Genellikle ormanl\u0131k ve kayal\u0131k alanlarda ya\u015fayan va\u015faklar; tav\u015fan, fare, ku\u015f ve sincap gibi k\u00fc\u00e7\u00fck memelilerle besleniyor.<\/p>\n<p>T\u00fcrkiye\u2019de koruma alt\u0131na al\u0131nan va\u015faklar i\u00e7in avlanma yasa\u011f\u0131 uygulan\u0131yor.<\/p>\n<p>T\u00fcrkiye g\u00fcndeminden son dakika haberleri, bug\u00fcn ya\u015fanan en son geli\u015fmeler, siyaset g\u00fcndeminden g\u00fcncel haberler ve b\u00fct\u00fcn son dakika haberleri i\u00e7in H\u00fcrriyet&#x27;in internet haber sitesi hurriyet.com.tr; Hurriyet.com.tr haber i\u00e7erikleri kaynak g\u00f6sterilmeden al\u0131nt\u0131 yap\u0131lamaz, Kanuna ayk\u0131r\u0131 ve izinsiz olarak kopyalanamaz, ba\u015fka yerde yay\u0131nlanamaz.<\/p>\n","protected":false},"excerpt":{"rendered":"<p>Bayburt\u2019un De\u011firmencik k\u00f6y\u00fcnde nesli t\u00fckenme tehlikesi alt\u0131nda bulunan va\u015fak g\u00f6r\u00fcnt\u00fclendi. Kedigiller familyas\u0131n\u0131n en dikkat \u00e7ekici t\u00fcrlerinden biri olan&#8230;<\/p>\n","protected":false},"author":2,"featured_media":125,"comment_status":"open","ping_status":"open","sticky":false,"template":"","format":"standard","meta":{"footnotes":""},"categories":[8,3],"tags":[],"class_list":["post-126","post","type-post","status-publish","format-standard","has-post-thumbnail","hentry","category-arsiv","category-siyaset"],"_links":{"self":[{"href":"https:\/\/eskigazeteci.com\/index.php?rest_route=\/wp\/v2\/posts\/126","targetHints":{"allow":["GET"]}}],"collection":[{"href":"https:\/\/eskigazeteci.com\/index.php?rest_route=\/wp\/v2\/posts"}],"about":[{"href":"https:\/\/eskigazeteci.com\/index.php?rest_route=\/wp\/v2\/types\/post"}],"author":[{"embeddable":true,"href":"https:\/\/eskigazeteci.com\/index.php?rest_route=\/wp\/v2\/users\/2"}],"replies":[{"embeddable":true,"href":"https:\/\/eskigazeteci.com\/index.php?rest_route=%2Fwp%2Fv2%2Fcomments&post=126"}],"version-history":[{"count":0,"href":"https:\/\/eskigazeteci.com\/index.php?rest_route=\/wp\/v2\/posts\/126\/revisions"}],"wp:featuredmedia":[{"embeddable":true,"href":"https:\/\/eskigazeteci.com\/index.php?rest_route=\/wp\/v2\/media\/125"}],"wp:attachment":[{"href":"https:\/\/eskigazeteci.com\/index.php?rest_route=%2Fwp%2Fv2%2Fmedia&parent=126"}],"wp:term":[{"taxonomy":"category","embeddable":true,"href":"https:\/\/eskigazeteci.com\/index.php?rest_route=%2Fwp%2Fv2%2Fcategories&post=126"},{"taxonomy":"post_tag","embeddable":true,"href":"https:\/\/eskigazeteci.com\/index.php?rest_route=%2Fwp%2Fv2%2Ftags&post=126"}],"curies":[{"name":"wp","href":"https:\/\/api.w.org\/{rel}","templated":true}]}}