{"id":1258,"date":"2026-02-11T11:42:23","date_gmt":"2026-02-11T11:42:23","guid":{"rendered":"https:\/\/eskigazeteci.com\/?p=1258"},"modified":"2026-02-11T11:42:23","modified_gmt":"2026-02-11T11:42:23","slug":"gezi-parki-davasi-kapsaminda-tutuksuz-yargilaniyordu-menajer-ayse-barimin-cezasi-belli-oldu","status":"publish","type":"post","link":"https:\/\/eskigazeteci.com\/?p=1258","title":{"rendered":"Gezi Park\u0131 davas\u0131 kapsam\u0131nda tutuksuz yarg\u0131lan\u0131yordu: Menajer Ay\u015fe Bar\u0131m&#8217;\u0131n cezas\u0131 belli oldu"},"content":{"rendered":"<p>Gezi Park\u0131 olaylar\u0131nda sanat\u00e7\u0131lar\u0131 eylemlere kat\u0131lmas\u0131 i\u00e7in y\u00f6nlendirdi\u011fi ve olaylar\u0131n planlay\u0131c\u0131lar\u0131ndan oldu\u011fu iddias\u0131yla &#x27;T\u00fcrkiye Cumhuriyeti H\u00fck\u00fcmetini ortadan kald\u0131rmaya veya g\u00f6revini yapmas\u0131n\u0131 engellemeye te\u015febb\u00fcs etme&#x27; su\u00e7undan 30 y\u0131la kadar hapis cezas\u0131yla yarg\u0131lanan Ay\u015fe Bar\u0131m, &quot;Ben hi\u00e7bir su\u00e7 i\u015flemedim, oyuncular\u0131 asla gezi park\u0131na y\u00f6nlendirmedim. Hayat\u0131mda siyasi \u015feylere hi\u00e7bir \u015fekilde m\u00fcdahil olmad\u0131m. \u015eu anda bir kalp pili ve elektro\u015fok cihaz\u0131yla hayat\u0131ma devam ediyorum. A\u00e7\u0131k kalp ameliyat\u0131 olaca\u011f\u0131m. T\u00fcm tan\u0131k ifadeleri lehimeyken \u00e7ok a\u011f\u0131r bir \u015fekilde cezaland\u0131r\u0131lmam istenmi\u015f. Bu s\u00fcre\u00e7te sa\u011fl\u0131\u011f\u0131m \u00e7ok etkilendi, sizden beraatimi istiyorum&quot; dedi.<\/p>\n<p>AY\u015eE BARIM&#x27;IN CEZASI BELL\u0130 OLDU<\/p>\n<p>Gezi Park\u0131 olaylar\u0131na ili\u015fkin yarg\u0131lanan menajer Ay\u015fe Bar\u0131m, &quot;T\u00fcrkiye Cumhuriyeti h\u00fck\u00fcmetini ortadan kald\u0131rmaya te\u015febb\u00fcse yard\u0131m&quot; su\u00e7undan 12 y\u0131l 6 ay hapis cezas\u0131na \u00e7arpt\u0131r\u0131ld\u0131.<\/p>\n<p>Taksim&#x27;deki Gezi Park\u0131 olaylar\u0131n\u0131n planlay\u0131c\u0131lar\u0131ndan biri oldu\u011fu iddias\u0131yla &#x27;T\u00fcrkiye Cumhuriyeti h\u00fck\u00fcmetini ortadan kald\u0131rmaya te\u015febb\u00fcs\u00fcne yard\u0131m&#x27; su\u00e7undan 22 y\u0131l 6 aydan 30 y\u0131la kadar hapis talebiyle tutuklu yarg\u0131lanan menajer Ay\u015fe Bar\u0131m&#x27;\u0131n davas\u0131nda ara karar a\u00e7\u0131kland\u0131. Mahkeme, Bar\u0131m&#x27;\u0131n adli kontrol \u015fart\u0131yla&#8230;<\/p>\n","protected":false},"excerpt":{"rendered":"<p>Menajer Ay\u015fe Bar\u0131m&#8217;\u0131n, Gezi Park\u0131 olaylar\u0131nda sanat\u00e7\u0131lar\u0131 eylemlere kat\u0131lmalar\u0131 i\u00e7in y\u00f6nlendirdi\u011fi ve olaylar\u0131n planlay\u0131c\u0131lar\u0131ndan biri oldu\u011fu iddias\u0131yla&#8230;<\/p>\n","protected":false},"author":2,"featured_media":1257,"comment_status":"open","ping_status":"open","sticky":false,"template":"","format":"standard","meta":{"footnotes":""},"categories":[8,6,5],"tags":[],"class_list":["post-1258","post","type-post","status-publish","format-standard","has-post-thumbnail","hentry","category-arsiv","category-gundem","category-son-dakika"],"_links":{"self":[{"href":"https:\/\/eskigazeteci.com\/index.php?rest_route=\/wp\/v2\/posts\/1258","targetHints":{"allow":["GET"]}}],"collection":[{"href":"https:\/\/eskigazeteci.com\/index.php?rest_route=\/wp\/v2\/posts"}],"about":[{"href":"https:\/\/eskigazeteci.com\/index.php?rest_route=\/wp\/v2\/types\/post"}],"author":[{"embeddable":true,"href":"https:\/\/eskigazeteci.com\/index.php?rest_route=\/wp\/v2\/users\/2"}],"replies":[{"embeddable":true,"href":"https:\/\/eskigazeteci.com\/index.php?rest_route=%2Fwp%2Fv2%2Fcomments&post=1258"}],"version-history":[{"count":0,"href":"https:\/\/eskigazeteci.com\/index.php?rest_route=\/wp\/v2\/posts\/1258\/revisions"}],"wp:featuredmedia":[{"embeddable":true,"href":"https:\/\/eskigazeteci.com\/index.php?rest_route=\/wp\/v2\/media\/1257"}],"wp:attachment":[{"href":"https:\/\/eskigazeteci.com\/index.php?rest_route=%2Fwp%2Fv2%2Fmedia&parent=1258"}],"wp:term":[{"taxonomy":"category","embeddable":true,"href":"https:\/\/eskigazeteci.com\/index.php?rest_route=%2Fwp%2Fv2%2Fcategories&post=1258"},{"taxonomy":"post_tag","embeddable":true,"href":"https:\/\/eskigazeteci.com\/index.php?rest_route=%2Fwp%2Fv2%2Ftags&post=1258"}],"curies":[{"name":"wp","href":"https:\/\/api.w.org\/{rel}","templated":true}]}}