{"id":1256,"date":"2026-02-11T11:23:56","date_gmt":"2026-02-11T11:23:56","guid":{"rendered":"https:\/\/eskigazeteci.com\/?p=1256"},"modified":"2026-02-11T11:23:56","modified_gmt":"2026-02-11T11:23:56","slug":"dursun-ozbekten-o-iddialar-icin-sert-tepki-baskanlari-karistirdi-herhalde","status":"publish","type":"post","link":"https:\/\/eskigazeteci.com\/?p=1256","title":{"rendered":"Dursun \u00d6zbek&#8217;ten o iddialar i\u00e7in sert tepki: &#8216;Ba\u015fkanlar\u0131 kar\u0131\u015ft\u0131rd\u0131 herhalde!&#8217;"},"content":{"rendered":"<p>Galatasaray Ba\u015fkan\u0131 Dursun \u00d6zbek, Divan Kurulu \u015fubat ay\u0131 ola\u011fan toplant\u0131s\u0131nda a\u00e7\u0131klamalarda bulundu.<\/p>\n<p>Dursun \u00d6zbek , TFF Ba\u015fkan\u0131 \u0130brahim Hac\u0131osmano\u011flu ile aralar\u0131nda ge\u00e7ti\u011fi iddia edilen diyaloglar\u0131 da net bir dille yalanlad\u0131.<\/p>\n<p>\u0130\u015fte \u00d6zbek&#x27;in a\u00e7\u0131klamalar\u0131ndan \u00f6ne \u00e7\u0131kanlar:<\/p>\n<p>&quot; Futbol tak\u0131m\u0131z ligde liderli\u011fini s\u00fcrd\u00fcr\u00fcyor, \u015eampiyonlar Ligi&#x27;nde yoluna devam ediyor. Art\u0131k her ma\u00e7 \u00e7ok \u00f6nemli. Juventus ile oynayaca\u011f\u0131z ve onlara kar\u015f\u0131 tarihi zaferler kazand\u0131k. \u00d6n\u00fcm\u00fczdeki Sal\u0131 gecesi yine b\u00f6yle bir ma\u00e7 olacak, inan\u0131yorum&#8230; Taraftarlar\u0131m\u0131z\u0131 Ey\u00fcpspor ve Juventus ma\u00e7\u0131nda tak\u0131ma deste\u011fe davet ediyorum. 90 dakika susmayan Ali Sami Yen en b\u00fcy\u00fck g\u00fcc\u00fcm\u00fcz. Bunu g\u00f6sterme zaman\u0131.&quot;<\/p>\n<p>&quot;GALATASARAY&#x27;I YO\u011eUN B\u0130R \u015eEK\u0130LDE A\u015eA\u011eIYA \u00c7EKMEYE \u00c7ALI\u015eIYORLAR&quot;<\/p>\n<p>&quot;Galatasaray&#x27;\u0131 rakiplerinin \u00f6n\u00fcne fersah fersah ge\u00e7irecek geli\u015fmeleri yapmaya devam ediyoruz. Galatasaray&#x27;a d\u0131\u015far\u0131dan sata\u015fmay\u0131, a\u015fa\u011f\u0131ya \u00e7ekmeye \u00e7al\u0131\u015fmalar son derece h\u0131zl\u0131 ve yo\u011fun bir \u015fekilde devam ediyor. Bunu g\u00f6rd\u00fc\u011f\u00fcn\u00fcz\u00fc d\u00fc\u015f\u00fcn\u00fcyorum. Akl\u0131n\u0131za kim gelirse, her sekt\u00f6rden.. Yorumcu, \u015fark\u0131c\u0131, t\u00fcrk\u00fcc\u00fc, gazetecisi, mankeni&#8230; Evet mankeni&#8230;&quot;<\/p>\n<p>&quot;BA\u015eKANLARI KARI\u015eTIRDI\u011eINI D\u00dc\u015e\u00dcN\u00dcYORUM&quot;<\/p>\n<p>&quot; TFF Ba\u015fkan\u0131&#x27;na &#x27;\u00c7ok s\u0131k\u0131nt\u0131day\u0131z, bu sene \u015fampiyon olmam\u0131z laz\u0131m, bize destek&#8230;<\/p>\n","protected":false},"excerpt":{"rendered":"<p>Galatasaray Ba\u015fkan\u0131 Dursun \u00d6zbek, TFF Ba\u015fkan\u0131 \u0130brahim Hac\u0131osmano\u011flu ile aralar\u0131nda ge\u00e7ti\u011fi iddia edilen diyaloglar i\u00e7in a\u00e7\u0131klamada bulundu.<\/p>\n","protected":false},"author":2,"featured_media":1255,"comment_status":"open","ping_status":"open","sticky":false,"template":"","format":"standard","meta":{"footnotes":""},"categories":[8,5,7],"tags":[],"class_list":["post-1256","post","type-post","status-publish","format-standard","has-post-thumbnail","hentry","category-arsiv","category-son-dakika","category-spor"],"_links":{"self":[{"href":"https:\/\/eskigazeteci.com\/index.php?rest_route=\/wp\/v2\/posts\/1256","targetHints":{"allow":["GET"]}}],"collection":[{"href":"https:\/\/eskigazeteci.com\/index.php?rest_route=\/wp\/v2\/posts"}],"about":[{"href":"https:\/\/eskigazeteci.com\/index.php?rest_route=\/wp\/v2\/types\/post"}],"author":[{"embeddable":true,"href":"https:\/\/eskigazeteci.com\/index.php?rest_route=\/wp\/v2\/users\/2"}],"replies":[{"embeddable":true,"href":"https:\/\/eskigazeteci.com\/index.php?rest_route=%2Fwp%2Fv2%2Fcomments&post=1256"}],"version-history":[{"count":0,"href":"https:\/\/eskigazeteci.com\/index.php?rest_route=\/wp\/v2\/posts\/1256\/revisions"}],"wp:featuredmedia":[{"embeddable":true,"href":"https:\/\/eskigazeteci.com\/index.php?rest_route=\/wp\/v2\/media\/1255"}],"wp:attachment":[{"href":"https:\/\/eskigazeteci.com\/index.php?rest_route=%2Fwp%2Fv2%2Fmedia&parent=1256"}],"wp:term":[{"taxonomy":"category","embeddable":true,"href":"https:\/\/eskigazeteci.com\/index.php?rest_route=%2Fwp%2Fv2%2Fcategories&post=1256"},{"taxonomy":"post_tag","embeddable":true,"href":"https:\/\/eskigazeteci.com\/index.php?rest_route=%2Fwp%2Fv2%2Ftags&post=1256"}],"curies":[{"name":"wp","href":"https:\/\/api.w.org\/{rel}","templated":true}]}}