{"id":1252,"date":"2026-02-11T11:16:58","date_gmt":"2026-02-11T11:16:58","guid":{"rendered":"https:\/\/eskigazeteci.com\/?p=1252"},"modified":"2026-02-11T11:16:58","modified_gmt":"2026-02-11T11:16:58","slug":"adalet-bakanliginda-devir-teslim-toreni","status":"publish","type":"post","link":"https:\/\/eskigazeteci.com\/?p=1252","title":{"rendered":"Adalet Bakanl\u0131\u011f\u0131&#8217;nda devir teslim t\u00f6reni"},"content":{"rendered":"<p>Y\u0131lmaz Tun\u00e7 , devir teslim t\u00f6renindeki konu\u015fmas\u0131nda \u015fu ifadelere yer verdi:<\/p>\n<p>Bug\u00fcn g\u00f6revi devretmenin onur ve gururunu ya\u015f\u0131yoruz. Bizleri yaln\u0131z b\u0131rakmad\u0131\u011f\u0131n\u0131z i\u00e7in te\u015fekk\u00fcr ediyorum. 2 bu\u00e7uk y\u0131ld\u0131r sizlerleyiz. Yarg\u0131m\u0131z\u0131n kapasiteni g\u00fc\u00e7lendirme gayreti ile \u00e7al\u0131\u015fman\u0131n onur ve gururunu ya\u015fad\u0131k. T\u00fcrkiye demokratik kalk\u0131nmas\u0131n\u0131 ihmal etmedi. Vesayet\u00e7i anlay\u0131\u015f\u0131 tarihe g\u00f6mmeyi ba\u015fard\u0131k. \u00c7ok \u00f6nemli mesafeler ald\u0131k. S\u00fcrekli hem mevzuat\u0131m\u0131z\u0131n yenilenmesi hem de \u00e7a\u011f\u0131n ihtiya\u00e7lar\u0131na uygun \u015fekilde \u00fclkemiz \u00f6nemli ilerlemeler sa\u011flad\u0131. Hedeflerin \u00f6nemli bir k\u0131sm\u0131n\u0131 hayata ge\u00e7irdik. 23 y\u0131lda kat edilen mesafeye 2 bu\u00e7uk y\u0131lda katk\u0131 sa\u011flamak i\u00e7in \u00e7al\u0131\u015fma arkada\u015flar\u0131m\u0131z ile gayret g\u00f6sterdik. Bir yat\u0131r\u0131m hamlesi de ba\u015flatt\u0131k. 81 vilayetimizin 60&#x27;tan fazlas\u0131n\u0131 ziyaret ederek vatanda\u015flar\u0131m\u0131zla, hakim savc\u0131 arkada\u015flar\u0131m\u0131z ile bulu\u015ftuk. Bu g\u00f6revlerin bir makam olmad\u0131\u011f\u0131 milletin emaneti oldu\u011fu bilinci ile \u00e7al\u0131\u015ft\u0131k. Bug\u00fcn de\u011ferli karde\u015fim Ak\u0131n G\u00fcrlek \u00f6nemli g\u00f6revler yapt\u0131. Adalet Bakanl\u0131\u011f\u0131 &#x27;nda da bu \u00e7al\u0131\u015fmalar\u0131 ileri ta\u015f\u0131yacakt\u0131r. Bizler milletin emanetine sahip \u00e7\u0131kaca\u011f\u0131z. Her alanda \u00e7ok b\u00fcy\u00fck mesafeler al\u0131narak T\u00fcrkiye Y\u00fczy\u0131l\u0131&#x27;n\u0131n temelleri at\u0131ld\u0131. Ter\u00f6rs\u00fcz T\u00fcrkiye&#x27;ye ad\u0131m at\u0131lmas\u0131 noktas\u0131nda bizlere&#8230;<\/p>\n","protected":false},"excerpt":{"rendered":"<p>Adalet Bakan\u0131 Ak\u0131n G\u00fcrlek, g\u00f6revi Y\u0131lmaz Tun\u00e7&#8217;tan teslim al\u0131yor.<\/p>\n","protected":false},"author":2,"featured_media":1251,"comment_status":"open","ping_status":"open","sticky":false,"template":"","format":"standard","meta":{"footnotes":""},"categories":[8,6,5],"tags":[],"class_list":["post-1252","post","type-post","status-publish","format-standard","has-post-thumbnail","hentry","category-arsiv","category-gundem","category-son-dakika"],"_links":{"self":[{"href":"https:\/\/eskigazeteci.com\/index.php?rest_route=\/wp\/v2\/posts\/1252","targetHints":{"allow":["GET"]}}],"collection":[{"href":"https:\/\/eskigazeteci.com\/index.php?rest_route=\/wp\/v2\/posts"}],"about":[{"href":"https:\/\/eskigazeteci.com\/index.php?rest_route=\/wp\/v2\/types\/post"}],"author":[{"embeddable":true,"href":"https:\/\/eskigazeteci.com\/index.php?rest_route=\/wp\/v2\/users\/2"}],"replies":[{"embeddable":true,"href":"https:\/\/eskigazeteci.com\/index.php?rest_route=%2Fwp%2Fv2%2Fcomments&post=1252"}],"version-history":[{"count":0,"href":"https:\/\/eskigazeteci.com\/index.php?rest_route=\/wp\/v2\/posts\/1252\/revisions"}],"wp:featuredmedia":[{"embeddable":true,"href":"https:\/\/eskigazeteci.com\/index.php?rest_route=\/wp\/v2\/media\/1251"}],"wp:attachment":[{"href":"https:\/\/eskigazeteci.com\/index.php?rest_route=%2Fwp%2Fv2%2Fmedia&parent=1252"}],"wp:term":[{"taxonomy":"category","embeddable":true,"href":"https:\/\/eskigazeteci.com\/index.php?rest_route=%2Fwp%2Fv2%2Fcategories&post=1252"},{"taxonomy":"post_tag","embeddable":true,"href":"https:\/\/eskigazeteci.com\/index.php?rest_route=%2Fwp%2Fv2%2Ftags&post=1252"}],"curies":[{"name":"wp","href":"https:\/\/api.w.org\/{rel}","templated":true}]}}