{"id":1250,"date":"2026-02-11T11:15:28","date_gmt":"2026-02-11T11:15:28","guid":{"rendered":"https:\/\/eskigazeteci.com\/?p=1250"},"modified":"2026-02-11T11:15:28","modified_gmt":"2026-02-11T11:15:28","slug":"resul-emrah-sahan-hakkinda-kent-uzlasisi-davasinda-tahliye-karari","status":"publish","type":"post","link":"https:\/\/eskigazeteci.com\/?p=1250","title":{"rendered":"Resul Emrah \u015eahan hakk\u0131nda &#8216;kent uzla\u015f\u0131s\u0131&#8217; davas\u0131nda tahliye karar\u0131"},"content":{"rendered":"<p>\u015ei\u015fli Belediye Ba\u015fkan\u0131 Resul Emrah \u015eahan,19 Mart\u2019ta &#x27;Kent uzla\u015f\u0131s\u0131&#x27; soru\u015fturmas\u0131 kapsam\u0131nda g\u00f6zalt\u0131na al\u0131nd\u0131ktan sonra, &#x27;PKK\/KCK ter\u00f6r \u00f6rg\u00fct\u00fcne yard\u0131m etmek&#x27; su\u00e7undan tutukland\u0131. \u015eahan hakk\u0131nda 12 Eyl\u00fcl 2025 tarihinde de \u0130BB&#x27;ye y\u00f6nelik yolsuzluk soru\u015fturmas\u0131 kapsam\u0131nda yine tutuklama karar\u0131 verildi.<\/p>\n<p>&#x27;Kent uzla\u015f\u0131s\u0131&#x27; davas\u0131 kapsam\u0131nda Resul Emrah \u015eahan ile yine g\u00f6revinden uzakla\u015ft\u0131r\u0131ld\u0131ktan sonra tutuklanan Belediye Ba\u015fkan Yard\u0131mc\u0131s\u0131 Ebru \u00d6zdemir hakk\u0131nda tahliye karar\u0131 verildi. \u015eahan, \u0130stanbul B\u00fcy\u00fck\u015fehir Belediyesine (\u0130BB) y\u00f6nelik yolsuzluk soru\u015fturmas\u0131 kapsam\u0131nda da tutuklu bulundu\u011fu i\u00e7in cezaevinde kalmaya devam edecek.<\/p>\n<p>T\u00fcrkiye g\u00fcndeminden son dakika haberleri, bug\u00fcn ya\u015fanan en son geli\u015fmeler, siyaset g\u00fcndeminden g\u00fcncel haberler ve b\u00fct\u00fcn son dakika haberleri i\u00e7in H\u00fcrriyet&#x27;in internet haber sitesi hurriyet.com.tr; Hurriyet.com.tr haber i\u00e7erikleri kaynak g\u00f6sterilmeden al\u0131nt\u0131 yap\u0131lamaz, Kanuna ayk\u0131r\u0131 ve izinsiz olarak kopyalanamaz, ba\u015fka yerde yay\u0131nlanamaz.<\/p>\n","protected":false},"excerpt":{"rendered":"<p>Tutukland\u0131ktan sonra g\u00f6revinden uzakla\u015ft\u0131r\u0131lan \u015ei\u015fli Belediye Ba\u015fkan\u0131 Resul Emrah \u015eahan ile Belediye Ba\u015fkan Yard\u0131mc\u0131s\u0131 Ebru \u00d6zdemir hakk\u0131nda, &#8216;Kent Uzla\u015f\u0131s\u0131&#8217;&#8230;<\/p>\n","protected":false},"author":2,"featured_media":1249,"comment_status":"open","ping_status":"open","sticky":false,"template":"","format":"standard","meta":{"footnotes":""},"categories":[8,6,5],"tags":[],"class_list":["post-1250","post","type-post","status-publish","format-standard","has-post-thumbnail","hentry","category-arsiv","category-gundem","category-son-dakika"],"_links":{"self":[{"href":"https:\/\/eskigazeteci.com\/index.php?rest_route=\/wp\/v2\/posts\/1250","targetHints":{"allow":["GET"]}}],"collection":[{"href":"https:\/\/eskigazeteci.com\/index.php?rest_route=\/wp\/v2\/posts"}],"about":[{"href":"https:\/\/eskigazeteci.com\/index.php?rest_route=\/wp\/v2\/types\/post"}],"author":[{"embeddable":true,"href":"https:\/\/eskigazeteci.com\/index.php?rest_route=\/wp\/v2\/users\/2"}],"replies":[{"embeddable":true,"href":"https:\/\/eskigazeteci.com\/index.php?rest_route=%2Fwp%2Fv2%2Fcomments&post=1250"}],"version-history":[{"count":0,"href":"https:\/\/eskigazeteci.com\/index.php?rest_route=\/wp\/v2\/posts\/1250\/revisions"}],"wp:featuredmedia":[{"embeddable":true,"href":"https:\/\/eskigazeteci.com\/index.php?rest_route=\/wp\/v2\/media\/1249"}],"wp:attachment":[{"href":"https:\/\/eskigazeteci.com\/index.php?rest_route=%2Fwp%2Fv2%2Fmedia&parent=1250"}],"wp:term":[{"taxonomy":"category","embeddable":true,"href":"https:\/\/eskigazeteci.com\/index.php?rest_route=%2Fwp%2Fv2%2Fcategories&post=1250"},{"taxonomy":"post_tag","embeddable":true,"href":"https:\/\/eskigazeteci.com\/index.php?rest_route=%2Fwp%2Fv2%2Ftags&post=1250"}],"curies":[{"name":"wp","href":"https:\/\/api.w.org\/{rel}","templated":true}]}}