{"id":1246,"date":"2026-02-11T11:12:25","date_gmt":"2026-02-11T11:12:25","guid":{"rendered":"https:\/\/eskigazeteci.com\/?p=1246"},"modified":"2026-02-11T11:12:25","modified_gmt":"2026-02-11T11:12:25","slug":"bir-zamanlar-gelecegi-parlak-bir-cocuk-oyuncuydu-oylesine-unutuldu-ki-olumu-bile-aylar-sonra-duyuldu-sessiz-sedasiz-gocup-gitti","status":"publish","type":"post","link":"https:\/\/eskigazeteci.com\/?p=1246","title":{"rendered":"Bir zamanlar gelece\u011fi parlak bir \u00e7ocuk oyuncuydu&#8230; \u00d6ylesine unutuldu ki \u00f6l\u00fcm\u00fc bile aylar sonra duyuldu&#8230; Sessiz sedas\u0131z g\u00f6\u00e7\u00fcp gitti"},"content":{"rendered":"<p>Ama baz\u0131lar\u0131 i\u00e7in durum pek \u00f6yle de\u011fil. Bu gruptakiler i\u00e7inde, kendi iste\u011fiyle e\u011fitime a\u011f\u0131rl\u0131k verip ba\u015fka meslekler se\u00e7enler de olur elbette.<\/p>\n<p>Di\u011fer yandan baz\u0131lar\u0131 \u00e7ok ac\u0131 bir \u015fekilde unutulup gider&#8230;<\/p>\n<p>T\u0131pk\u0131 Zero Hubbard gibi&#8230;<\/p>\n<p>B\u0130R D\u00d6NEM\u0130N \u00dcNL\u00dc D\u0130Z\u0130LER\u0130NDE OYNAMI\u015eTI Bir \u00e7ocuk oldu\u011fu d\u00f6nemde Hill Street Blues adl\u0131 yap\u0131mda kamera kar\u015f\u0131s\u0131na ge\u00e7ti Hubbard. 1983 ile 1987 y\u0131llar\u0131 aras\u0131nda rol ald\u0131\u011f\u0131 bu dizinin ard\u0131ndan ba\u015fka yap\u0131mlarda da oynad\u0131. 2003 y\u0131l\u0131na kadar bu alandaki kariyerini s\u00fcrd\u00fcrd\u00fc.<\/p>\n<p>O zamana kadar da Zero Hubbard, Hill Street Blues&#x27;un yan\u0131 s\u0131ra LA Law, Tribes. Cagney and Lacey, Pacific Blue, Trapper John MD gibi yap\u0131mlarda oynam\u0131\u015ft\u0131.<\/p>\n<p>Takvimler 2003 y\u0131l\u0131n\u0131 g\u00f6sterirken teklifler bir anda b\u0131\u00e7ak gibi kesildi&#8230;<\/p>\n<p>Aradan ge\u00e7en zaman i\u00e7inde de Hubbard, Hollywood&#x27;un zalim y\u00fcz\u00fcyle tan\u0131\u015ft\u0131 ve unutulup gitti.<\/p>\n<p>Hubbard, en \u00e7ok Hill Street Blues adl\u0131 diziyle ak\u0131llarda kald\u0131.<\/p>\n<p>GE\u00c7EN YILIN MAYIS AYINDA \u00d6LD\u00dc&#8230; HOLLYWOOD&#x27;DA DUYAN OLMADI Daha da ac\u0131s\u0131 Zero Hubbard, ge\u00e7en y\u0131l may\u0131s ay\u0131nda bir hastanede hayata veda etti. Sadece 54 ya\u015f\u0131ndayd\u0131.<\/p>\n<p>\u00d6l\u00fcm\u00fcnden ise bir zamanlar \u00e7ocuk oyuncu olarak tan\u0131nd\u0131\u011f\u0131 Hollywood &#x27;da 9 ay boyunca kimsenin haberi olmad\u0131.<\/p>\n<p>Hubbard i\u00e7in 16 May\u0131s 2025 g\u00fcn\u00fc&#8230;<\/p>\n","protected":false},"excerpt":{"rendered":"<p>Belirli d\u00f6nemlerde ekranlarda ya da sinema perdesinde \u0131\u015f\u0131l \u0131\u015f\u0131l parlayan \u00e7ocuk y\u0131ld\u0131zlar\u0131n baz\u0131lar\u0131 kariyerlerini yeti\u015fkin olunca da s\u00fcrd\u00fcr\u00fcr&#8230;<\/p>\n","protected":false},"author":2,"featured_media":1245,"comment_status":"open","ping_status":"open","sticky":false,"template":"","format":"standard","meta":{"footnotes":""},"categories":[8,6,5],"tags":[],"class_list":["post-1246","post","type-post","status-publish","format-standard","has-post-thumbnail","hentry","category-arsiv","category-gundem","category-son-dakika"],"_links":{"self":[{"href":"https:\/\/eskigazeteci.com\/index.php?rest_route=\/wp\/v2\/posts\/1246","targetHints":{"allow":["GET"]}}],"collection":[{"href":"https:\/\/eskigazeteci.com\/index.php?rest_route=\/wp\/v2\/posts"}],"about":[{"href":"https:\/\/eskigazeteci.com\/index.php?rest_route=\/wp\/v2\/types\/post"}],"author":[{"embeddable":true,"href":"https:\/\/eskigazeteci.com\/index.php?rest_route=\/wp\/v2\/users\/2"}],"replies":[{"embeddable":true,"href":"https:\/\/eskigazeteci.com\/index.php?rest_route=%2Fwp%2Fv2%2Fcomments&post=1246"}],"version-history":[{"count":0,"href":"https:\/\/eskigazeteci.com\/index.php?rest_route=\/wp\/v2\/posts\/1246\/revisions"}],"wp:featuredmedia":[{"embeddable":true,"href":"https:\/\/eskigazeteci.com\/index.php?rest_route=\/wp\/v2\/media\/1245"}],"wp:attachment":[{"href":"https:\/\/eskigazeteci.com\/index.php?rest_route=%2Fwp%2Fv2%2Fmedia&parent=1246"}],"wp:term":[{"taxonomy":"category","embeddable":true,"href":"https:\/\/eskigazeteci.com\/index.php?rest_route=%2Fwp%2Fv2%2Fcategories&post=1246"},{"taxonomy":"post_tag","embeddable":true,"href":"https:\/\/eskigazeteci.com\/index.php?rest_route=%2Fwp%2Fv2%2Ftags&post=1246"}],"curies":[{"name":"wp","href":"https:\/\/api.w.org\/{rel}","templated":true}]}}