{"id":1244,"date":"2026-02-11T11:03:54","date_gmt":"2026-02-11T11:03:54","guid":{"rendered":"https:\/\/eskigazeteci.com\/?p=1244"},"modified":"2026-02-11T11:03:54","modified_gmt":"2026-02-11T11:03:54","slug":"icisleri-bakanliginda-devir-teslim-toreni-bakan-ciftci-gorevi-yerlikayadan-devraliyor","status":"publish","type":"post","link":"https:\/\/eskigazeteci.com\/?p=1244","title":{"rendered":"\u0130\u00e7i\u015fleri Bakanl\u0131\u011f\u0131&#8217;nda devir teslim t\u00f6reni: Bakan \u00c7ift\u00e7i, g\u00f6revi Yerlikaya&#8217;dan devral\u0131yor"},"content":{"rendered":"<p>Resmi Gazete&#x27;de yay\u0131mlanan Cumhurba\u015fkan\u0131 Karar\u0131 ile \u0130\u00e7i\u015fleri Bakanl\u0131\u011f\u0131 g\u00f6revine getirilen Vali Mustafa \u00c7ift\u00e7i, g\u00f6rev yapt\u0131\u011f\u0131 Erzurum&#x27;dan sabah saatlerinde ayr\u0131ld\u0131.<\/p>\n<p>\u0130\u00e7i\u015fleri Bakan\u0131 Mustafa \u00c7ift\u00e7i, bakanl\u0131kta ger\u00e7ekle\u015fen devir teslim t\u00f6reni ile g\u00f6revi Ali Yerlikaya &#x27;dan al\u0131yor. Devir teslim t\u00f6reninde ilk s\u00f6z alan isim Yerlikaya oldu.<\/p>\n<p>Yerlikaya konu\u015fmas\u0131nda \u015funlar\u0131 s\u00f6yledi: Say\u0131n bakan\u0131m, k\u0131ymetli arkada\u015flar\u0131m, i\u00e7i\u015fleri ailemizin k\u0131ymetli mensuplar\u0131, ekranlar\u0131 ba\u015f\u0131nda bizi izleyen milletimiz \u00f6ncelikle sizleri sayg\u0131yla selaml\u0131yoruz. Bakanl\u0131k g\u00f6revine cumhurba\u015fkan\u0131m\u0131z\u0131n tensipleri ile Mustafa \u00c7ift\u00e7i karde\u015fimiz atand\u0131. Kendisini y\u00fcrekten tebrik ediyorum. Allah yard\u0131mc\u0131s\u0131 olsun. Hem meslekta\u015f\u0131m hem de Konyal\u0131 bir hem\u015ferimiz. Yine bir vali karde\u015fimiz bu makama lay\u0131k g\u00f6r\u00fcld\u00fc. Ba\u015faraca\u011f\u0131na, ayn\u0131 hizmet bayra\u011f\u0131n\u0131 bizden ald\u0131 ve cumhurba\u015fkan\u0131m\u0131z\u0131n liderli\u011finde, milletimizin devletimizin g\u00fcvenli\u011fi huzuru i\u00e7in gece g\u00fcnd\u00fcz demeden Allah&#x27;\u0131n izni ile \u00e7al\u0131\u015facak. Cumhurba\u015fkan\u0131m\u0131za m\u00fcte\u015fekkirim. \u015e\u00fckranlar\u0131m\u0131 arz ediyorum. Kaymakaml\u0131\u011f\u0131mdan bug\u00fcne kadar hizmet ettim. \u0130lk nefes son nefes aras\u0131nda ka\u00e7 nefes oldu\u011funu bilmeyiz, buna \u00f6m\u00fcr diyoruz bu \u00f6m\u00fcr s\u0131nanmalar ile ge\u00e7iyor. Bazen makam ile s\u0131nan\u0131rken&#8230;<\/p>\n","protected":false},"excerpt":{"rendered":"<p>Cumhurba\u015fkan\u0131 Erdo\u011fan&#8217;\u0131n imzas\u0131 ile \u0130\u00e7i\u015fleri Bakan\u0131 olarak atanan Mustafa \u00c7ift\u00e7i, d\u00fczenlenen t\u00f6renle g\u00f6revi Ali Yerlikaya&#8217;dan devral\u0131yor.<\/p>\n","protected":false},"author":2,"featured_media":1243,"comment_status":"open","ping_status":"open","sticky":false,"template":"","format":"standard","meta":{"footnotes":""},"categories":[8,6,5],"tags":[],"class_list":["post-1244","post","type-post","status-publish","format-standard","has-post-thumbnail","hentry","category-arsiv","category-gundem","category-son-dakika"],"_links":{"self":[{"href":"https:\/\/eskigazeteci.com\/index.php?rest_route=\/wp\/v2\/posts\/1244","targetHints":{"allow":["GET"]}}],"collection":[{"href":"https:\/\/eskigazeteci.com\/index.php?rest_route=\/wp\/v2\/posts"}],"about":[{"href":"https:\/\/eskigazeteci.com\/index.php?rest_route=\/wp\/v2\/types\/post"}],"author":[{"embeddable":true,"href":"https:\/\/eskigazeteci.com\/index.php?rest_route=\/wp\/v2\/users\/2"}],"replies":[{"embeddable":true,"href":"https:\/\/eskigazeteci.com\/index.php?rest_route=%2Fwp%2Fv2%2Fcomments&post=1244"}],"version-history":[{"count":0,"href":"https:\/\/eskigazeteci.com\/index.php?rest_route=\/wp\/v2\/posts\/1244\/revisions"}],"wp:featuredmedia":[{"embeddable":true,"href":"https:\/\/eskigazeteci.com\/index.php?rest_route=\/wp\/v2\/media\/1243"}],"wp:attachment":[{"href":"https:\/\/eskigazeteci.com\/index.php?rest_route=%2Fwp%2Fv2%2Fmedia&parent=1244"}],"wp:term":[{"taxonomy":"category","embeddable":true,"href":"https:\/\/eskigazeteci.com\/index.php?rest_route=%2Fwp%2Fv2%2Fcategories&post=1244"},{"taxonomy":"post_tag","embeddable":true,"href":"https:\/\/eskigazeteci.com\/index.php?rest_route=%2Fwp%2Fv2%2Ftags&post=1244"}],"curies":[{"name":"wp","href":"https:\/\/api.w.org\/{rel}","templated":true}]}}