{"id":1242,"date":"2026-02-11T11:02:22","date_gmt":"2026-02-11T11:02:22","guid":{"rendered":"https:\/\/eskigazeteci.com\/?p=1242"},"modified":"2026-02-11T11:02:22","modified_gmt":"2026-02-11T11:02:22","slug":"israilli-yazardan-ilhak-uyarisi-israil-son-hamlesiyle-bati-seriayi-fiilen-isgal-etti","status":"publish","type":"post","link":"https:\/\/eskigazeteci.com\/?p=1242","title":{"rendered":"\u0130srailli yazardan ilhak uyar\u0131s\u0131: &#8216;\u0130srail, son hamlesiyle Bat\u0131 \u015eeria&#8217;y\u0131 fiilen i\u015fgal etti&#8217;"},"content":{"rendered":"<p>\u0130srail&#x27;in 1967&#x27;de i\u015fgal etti\u011fi Bat\u0131 \u015eeria, uluslararas\u0131 anla\u015fmalar ve Birle\u015fmi\u015f Milletler G\u00fcvenlik Konseyi (BMGK) kararlar\u0131 uyar\u0131nca i\u015fgal alt\u0131ndaki topraklar ve gelecekte kurulacak Filistin Devleti&#x27;nin par\u00e7as\u0131 olarak kabul ediliyor.<\/p>\n<p>Filistin Kurtulu\u015f \u00d6rg\u00fct\u00fc (FK\u00d6) ile \u0130srail aras\u0131nda 1990&#x27;l\u0131 y\u0131llarda imzalanan Oslo Anla\u015fmalar\u0131 kapsam\u0131nda Bat\u0131 \u015eeria&#x27;da Filistin y\u00f6netimi kurulmas\u0131na ra\u011fmen \u0130srail, bu anla\u015fmalara ayk\u0131r\u0131 \u015fekilde i\u015fgal etti\u011fi topraklarda daha fazla Filistin topra\u011f\u0131n\u0131 gasbederek buraya \u0130srail yerle\u015fimleri kurulmas\u0131 gibi bir\u00e7ok ad\u0131m att\u0131.<\/p>\n<p>Ba\u015fbakan Binyamin Netanyahu liderli\u011finde a\u015f\u0131r\u0131 sa\u011fc\u0131 isimlerin kilit roller \u00fcstlendi\u011fi \u0130srail h\u00fck\u00fcmeti, 8 \u015eubat&#x27;ta Bat\u0131 \u015eeria&#x27;daki stat\u00fckoyu Yahudi yerle\u015fimciler lehine ve Filistinliler aleyhine de\u011fi\u015ftirecek bir dizi karar ald\u0131.<\/p>\n<p>Bu kararlar aras\u0131nda, Yahudi yerle\u015fimcilerin do\u011frudan arazi sat\u0131n almas\u0131n\u0131n \u00f6n\u00fcndeki engellerin kald\u0131r\u0131lmas\u0131, \u0130srail&#x27;e Filistin y\u00f6netiminin sorumlulu\u011fundaki alanlar\u0131 t\u00fcrl\u00fc bahanelerle gasbetme &quot;yetkisi&quot;, Filistin kenti El Halil&#x27;de yerel y\u00f6netimin yetkilerinin elinden al\u0131n\u0131p \u0130srail&#x27;e ba\u011fl\u0131 &quot;paralel bir belediye&quot; kurulmas\u0131 yer ald\u0131.<\/p>\n<p>\u0130srailli gazeteci ve yazar Gideon Levy, \u0130srail g\u00fcvenlik kabinesinin Bat\u0131&#8230;<\/p>\n","protected":false},"excerpt":{"rendered":"<p>\u0130srailli gazeteci ve yazar Gideon Levy, \u0130srail h\u00fck\u00fcmetinin Bat\u0131 \u015eeria&#8217;da i\u015fgali derinle\u015ftiren ve stat\u00fckoyu hi\u00e7e sayan kararlar\u0131yla Filistin Devleti fikrini&#8230;<\/p>\n","protected":false},"author":2,"featured_media":1241,"comment_status":"open","ping_status":"open","sticky":false,"template":"","format":"standard","meta":{"footnotes":""},"categories":[8,6,5],"tags":[],"class_list":["post-1242","post","type-post","status-publish","format-standard","has-post-thumbnail","hentry","category-arsiv","category-gundem","category-son-dakika"],"_links":{"self":[{"href":"https:\/\/eskigazeteci.com\/index.php?rest_route=\/wp\/v2\/posts\/1242","targetHints":{"allow":["GET"]}}],"collection":[{"href":"https:\/\/eskigazeteci.com\/index.php?rest_route=\/wp\/v2\/posts"}],"about":[{"href":"https:\/\/eskigazeteci.com\/index.php?rest_route=\/wp\/v2\/types\/post"}],"author":[{"embeddable":true,"href":"https:\/\/eskigazeteci.com\/index.php?rest_route=\/wp\/v2\/users\/2"}],"replies":[{"embeddable":true,"href":"https:\/\/eskigazeteci.com\/index.php?rest_route=%2Fwp%2Fv2%2Fcomments&post=1242"}],"version-history":[{"count":0,"href":"https:\/\/eskigazeteci.com\/index.php?rest_route=\/wp\/v2\/posts\/1242\/revisions"}],"wp:featuredmedia":[{"embeddable":true,"href":"https:\/\/eskigazeteci.com\/index.php?rest_route=\/wp\/v2\/media\/1241"}],"wp:attachment":[{"href":"https:\/\/eskigazeteci.com\/index.php?rest_route=%2Fwp%2Fv2%2Fmedia&parent=1242"}],"wp:term":[{"taxonomy":"category","embeddable":true,"href":"https:\/\/eskigazeteci.com\/index.php?rest_route=%2Fwp%2Fv2%2Fcategories&post=1242"},{"taxonomy":"post_tag","embeddable":true,"href":"https:\/\/eskigazeteci.com\/index.php?rest_route=%2Fwp%2Fv2%2Ftags&post=1242"}],"curies":[{"name":"wp","href":"https:\/\/api.w.org\/{rel}","templated":true}]}}