{"id":124,"date":"2026-02-09T09:23:39","date_gmt":"2026-02-09T09:23:39","guid":{"rendered":"https:\/\/eskigazeteci.com\/?p=124"},"modified":"2026-02-09T09:23:39","modified_gmt":"2026-02-09T09:23:39","slug":"haber-37","status":"publish","type":"post","link":"https:\/\/eskigazeteci.com\/?p=124","title":{"rendered":"Haber"},"content":{"rendered":"<p>Kaza, 4 \u015eubat&#x27;ta Seyhan il\u00e7esine ba\u011fl\u0131 B\u00fcy\u00fckdikili Mahallesi&#x27;nde meydana geldi. Bir kebap\u00e7\u0131da kuryelik yapan Mesut Aldanma y\u00f6netimindeki 01 CSH 28 plakal\u0131 motosiklet ile s\u00fcr\u00fcc\u00fcs\u00fcn\u00fcn ismi \u00f6\u011frenilemeyen 42 YV 5155 plakal\u0131 TIR \u00e7arp\u0131\u015ft\u0131.<\/p>\n<p>Kazada motosiklet s\u00fcr\u00fcc\u00fcs\u00fc, TIR&#x27;\u0131n \u00e7ekicisinin alt\u0131nda kalarak s\u0131k\u0131\u015ft\u0131. \u00c7evredekilerin ihbar\u0131yla kaza yerine itfaiye, sa\u011fl\u0131k ve polis ekipleri sevk edildi. Sa\u011fl\u0131k ekipleri gelene kadar yard\u0131ma ko\u015fan \u00e7evredekiler, Aldanma&#x27;y\u0131 sakinle\u015ftirmeye \u00e7al\u0131\u015ft\u0131.<\/p>\n<p>&#x27;KORKMUYORUM, S\u0130Z DE KORKMAYIN&#x27;<\/p>\n<p>So\u011fukkanl\u0131l\u0131\u011f\u0131n\u0131 koruyarak, &quot;Korkmuyorum, siz de korkmay\u0131n&quot; diyen Aldanma, kask\u0131 ve koruyucu k\u0131yafetleri sayesinde kazay\u0131 hafif s\u0131yr\u0131klarla atlatt\u0131. \u0130tfaiye ekipleri taraf\u0131ndan s\u0131k\u0131\u015ft\u0131\u011f\u0131 yerden kurtar\u0131lan Mesut Aldanma, sa\u011fl\u0131k ekiplerine teslim edildi. \u0130lk m\u00fcdahalesi kaza yerinde yap\u0131lan Aldanma, ambulansla g\u00f6t\u00fcr\u00fcld\u00fc\u011f\u00fc hastanede tedavisinin ard\u0131ndan taburcu edildi.<\/p>\n<p>&#x27;FRENE BASTIM FAKAT DURAMADIM&#x27;<\/p>\n<p>Kaza g\u00fcn\u00fc ya\u015fad\u0131klar\u0131n\u0131 anlatan Mesut Aldanma, &quot;D\u00fckkana sipari\u015f gelmi\u015fti, paketi almak i\u00e7in yola \u00e7\u0131kt\u0131m. Yolda ilerledi\u011fim s\u0131rada k\u0131rm\u0131z\u0131 \u0131\u015f\u0131k yand\u0131, \u00f6n\u00fcmde 3 TIR vard\u0131. Ben de emniyet \u015feridinden yan taraflar\u0131ndan ge\u00e7tim. K\u0131rm\u0131z\u0131 \u0131\u015f\u0131k s\u00f6nd\u00fckten, ye\u015fil yand\u0131ktan sonra ilerlemeye ba\u015flad\u0131k. Yan\u0131mdaki TIR beni fark etmedi ve sa\u011fa sinyal vermeden d\u00f6nmeye \u00e7al\u0131\u015ft\u0131. Frene bast\u0131m fakat duramad\u0131m, kayd\u0131m ve TIR&#x27;la \u00e7arp\u0131\u015f\u0131p alt\u0131nda s\u0131k\u0131\u015ft\u0131m&quot; diye konu\u015ftu.<\/p>\n<p>&#x27;KASKIM OLMASAYDI, Y\u00dcZ\u00dcM PARAMPAR\u00c7A OLACAKTI&#x27;<\/p>\n<p>\u00c7ok b\u00fcy\u00fck bir kaza ge\u00e7irdi\u011fini aktaran Aldanma, &quot;Ekipmanlar\u0131m sayesinde hayattay\u0131m. TIR , beni yol boyunca s\u00fcr\u00fcklemi\u015fti. Kask\u0131m olmasayd\u0131, y\u00fcz\u00fcm parampar\u00e7a olacakt\u0131. Koruyucu giysilerim olmasayd\u0131; g\u00f6vdem, ellerim parampar\u00e7a olacakt\u0131. Ekipmanlar\u0131m sayesinde hayattay\u0131m. K\u0131r\u0131\u011f\u0131m, \u00e7\u0131k\u0131\u011f\u0131m bile yok; v\u00fccudumda ufak tefek eziklerle kurtuldum. S\u00fcr\u00fcklendi\u011fim s\u0131rada asfaltla burun burunayd\u0131m. G\u00f6z\u00fcm\u00fc a\u00e7t\u0131\u011f\u0131mda ailem, arkada\u015flar\u0131m g\u00f6z\u00fcm\u00fcn \u00f6n\u00fcne geldi. Tarif edilemez bir his ya\u015fad\u0131m, b\u00fct\u00fcn hayat\u0131m film \u015feridi gibi g\u00f6z\u00fcm\u00fcn \u00f6n\u00fcnden ge\u00e7ti. B\u00fct\u00fcn motorcu karde\u015flerime sesleniyorum; ekipmanlar\u0131n\u0131z\u0131 takmay\u0131 ihmal etmeyin&quot; dedi.<\/p>\n<p>T\u00fcrkiye g\u00fcndeminden son dakika haberleri, bug\u00fcn ya\u015fanan en son geli\u015fmeler, siyaset g\u00fcndeminden g\u00fcncel haberler ve b\u00fct\u00fcn son dakika haberleri i\u00e7in H\u00fcrriyet&#x27;in internet haber sitesi hurriyet.com.tr; Hurriyet.com.tr haber i\u00e7erikleri kaynak g\u00f6sterilmeden al\u0131nt\u0131 yap\u0131lamaz, Kanuna ayk\u0131r\u0131 ve izinsiz olarak kopyalanamaz, ba\u015fka yerde yay\u0131nlanamaz.<\/p>\n","protected":false},"excerpt":{"rendered":"<p>Adana&#8217;da motosikleti ile \u00e7arp\u0131\u015ft\u0131\u011f\u0131 TIR&#8217;\u0131n alt\u0131nda s\u00fcr\u00fcklenip, s\u0131k\u0131\u015fan kurye Mesut Aldanma (26), kask\u0131 ve koruyucu k\u0131yafetleri sayesinde kazay\u0131 hafif&#8230;<\/p>\n","protected":false},"author":2,"featured_media":123,"comment_status":"open","ping_status":"open","sticky":false,"template":"","format":"standard","meta":{"footnotes":""},"categories":[8,3],"tags":[],"class_list":["post-124","post","type-post","status-publish","format-standard","has-post-thumbnail","hentry","category-arsiv","category-siyaset"],"_links":{"self":[{"href":"https:\/\/eskigazeteci.com\/index.php?rest_route=\/wp\/v2\/posts\/124","targetHints":{"allow":["GET"]}}],"collection":[{"href":"https:\/\/eskigazeteci.com\/index.php?rest_route=\/wp\/v2\/posts"}],"about":[{"href":"https:\/\/eskigazeteci.com\/index.php?rest_route=\/wp\/v2\/types\/post"}],"author":[{"embeddable":true,"href":"https:\/\/eskigazeteci.com\/index.php?rest_route=\/wp\/v2\/users\/2"}],"replies":[{"embeddable":true,"href":"https:\/\/eskigazeteci.com\/index.php?rest_route=%2Fwp%2Fv2%2Fcomments&post=124"}],"version-history":[{"count":0,"href":"https:\/\/eskigazeteci.com\/index.php?rest_route=\/wp\/v2\/posts\/124\/revisions"}],"wp:featuredmedia":[{"embeddable":true,"href":"https:\/\/eskigazeteci.com\/index.php?rest_route=\/wp\/v2\/media\/123"}],"wp:attachment":[{"href":"https:\/\/eskigazeteci.com\/index.php?rest_route=%2Fwp%2Fv2%2Fmedia&parent=124"}],"wp:term":[{"taxonomy":"category","embeddable":true,"href":"https:\/\/eskigazeteci.com\/index.php?rest_route=%2Fwp%2Fv2%2Fcategories&post=124"},{"taxonomy":"post_tag","embeddable":true,"href":"https:\/\/eskigazeteci.com\/index.php?rest_route=%2Fwp%2Fv2%2Ftags&post=124"}],"curies":[{"name":"wp","href":"https:\/\/api.w.org\/{rel}","templated":true}]}}