{"id":1238,"date":"2026-02-11T10:44:35","date_gmt":"2026-02-11T10:44:35","guid":{"rendered":"https:\/\/eskigazeteci.com\/?p=1238"},"modified":"2026-02-11T10:44:35","modified_gmt":"2026-02-11T10:44:35","slug":"tbmm-genel-kurulu-yemin-etme","status":"publish","type":"post","link":"https:\/\/eskigazeteci.com\/?p=1238","title":{"rendered":"TBMM Genel Kurulu Yemin Etme"},"content":{"rendered":"<p>TBMM Genel Kurulu, Cumhurba\u015fkan\u0131 Erdo\u011fan taraf\u0131ndan Adalet Bakanl\u0131\u011f\u0131na Ak\u0131n G\u00fcrlek &#x27;in ve \u0130\u00e7i\u015fleri Bakanl\u0131\u011f\u0131na ise Mustafa \u00c7ift\u00e7i &#x27;nin atanmas\u0131na ili\u015fkin tezkeresi okunan.<\/p>\n","protected":false},"excerpt":{"rendered":"<p>Cumhurba\u015fkan\u0131 Erdo\u011fan ve Adalet Bakanl\u0131\u011f\u0131na Ak\u0131n G\u00fcrlek, \u0130\u00e7i\u015fleri Bakanl\u0131\u011f\u0131na Mustafa \u00c7ift\u00e7i atanmas\u0131na ili\u015fkin tezkeresi okunacak.<\/p>\n","protected":false},"author":2,"featured_media":1237,"comment_status":"open","ping_status":"open","sticky":false,"template":"","format":"standard","meta":{"footnotes":""},"categories":[8,6,5],"tags":[],"class_list":["post-1238","post","type-post","status-publish","format-standard","has-post-thumbnail","hentry","category-arsiv","category-gundem","category-son-dakika"],"_links":{"self":[{"href":"https:\/\/eskigazeteci.com\/index.php?rest_route=\/wp\/v2\/posts\/1238","targetHints":{"allow":["GET"]}}],"collection":[{"href":"https:\/\/eskigazeteci.com\/index.php?rest_route=\/wp\/v2\/posts"}],"about":[{"href":"https:\/\/eskigazeteci.com\/index.php?rest_route=\/wp\/v2\/types\/post"}],"author":[{"embeddable":true,"href":"https:\/\/eskigazeteci.com\/index.php?rest_route=\/wp\/v2\/users\/2"}],"replies":[{"embeddable":true,"href":"https:\/\/eskigazeteci.com\/index.php?rest_route=%2Fwp%2Fv2%2Fcomments&post=1238"}],"version-history":[{"count":0,"href":"https:\/\/eskigazeteci.com\/index.php?rest_route=\/wp\/v2\/posts\/1238\/revisions"}],"wp:featuredmedia":[{"embeddable":true,"href":"https:\/\/eskigazeteci.com\/index.php?rest_route=\/wp\/v2\/media\/1237"}],"wp:attachment":[{"href":"https:\/\/eskigazeteci.com\/index.php?rest_route=%2Fwp%2Fv2%2Fmedia&parent=1238"}],"wp:term":[{"taxonomy":"category","embeddable":true,"href":"https:\/\/eskigazeteci.com\/index.php?rest_route=%2Fwp%2Fv2%2Fcategories&post=1238"},{"taxonomy":"post_tag","embeddable":true,"href":"https:\/\/eskigazeteci.com\/index.php?rest_route=%2Fwp%2Fv2%2Ftags&post=1238"}],"curies":[{"name":"wp","href":"https:\/\/api.w.org\/{rel}","templated":true}]}}