{"id":1234,"date":"2026-02-11T10:42:22","date_gmt":"2026-02-11T10:42:22","guid":{"rendered":"https:\/\/eskigazeteci.com\/?p=1234"},"modified":"2026-02-11T10:42:22","modified_gmt":"2026-02-11T10:42:22","slug":"daha-27-yasinda-bu-dunyadan-gocup-gitmisti-32-yil-sonra-dosyayi-yeniden-actilar-o-intihar-etmedi-bu-bir-cinayet","status":"publish","type":"post","link":"https:\/\/eskigazeteci.com\/?p=1234","title":{"rendered":"Daha 27 ya\u015f\u0131nda bu d\u00fcnyadan g\u00f6\u00e7\u00fcp gitmi\u015fti\u2026 32 y\u0131l sonra dosyay\u0131 yeniden a\u00e7t\u0131lar: O intihar etmedi, bu bir cinayet!"},"content":{"rendered":"<p>D\u00f6neminin en yetenekli m\u00fczisyenlerinden biri olarak kabul ediliyordu.<\/p>\n<p>Rock m\u00fczi\u011fine getirdi\u011fi yeni soluk ve kurdu\u011fu grup bir anda d\u00fcnya \u00e7ap\u0131nda \u015f\u00f6hrete ula\u015fm\u0131\u015f, o ise \u00fczerinden hi\u00e7 \u00e7\u0131karmad\u0131\u011f\u0131 y\u0131rt\u0131k p\u0131rt\u0131k h\u0131rkas\u0131yla bir anda b\u00fcy\u00fck bir y\u0131ld\u0131za d\u00f6n\u00fc\u015fm\u00fc\u015ft\u00fc.<\/p>\n<p>M\u00dcZ\u0130K D\u00dcNYASINDA \u00c7I\u011eIR A\u00c7MI\u015eTI\u2026 GEN\u00c7 YA\u015eINDA BU HAYATTAN KOPTU<\/p>\n<p>Takvimler 5 Nisan 1994&#x27;\u2019\u00fc g\u00f6sterdi\u011finde gelen haber b\u00fcy\u00fck bir \u015fok dalgas\u0131na yol a\u00e7acak, bu b\u00fcy\u00fck yetenek bir anda, \u00e7ok \u00fcz\u00fcc\u00fc bir \u015fekilde y\u0131ld\u0131z\u0131 oldu\u011fu sahnelerden yok olup gidecekti\u2026<\/p>\n<p>Nirvana grubunun solisti, \u00fcnl\u00fc \u015fark\u0131c\u0131 Kurt Cobain, 27 ya\u015f\u0131nda, Seattle&#x27;daki evinde bir av t\u00fcfe\u011fiyle kendi can\u0131na k\u0131ym\u0131\u015f ve t\u0131pk\u0131 kendisi gibi 27 ya\u015f\u0131nda hayattan kopan rock efsaneleri Jim Morrison, Janis Joplin ve Jimi Hendrix\u2019in aras\u0131na kat\u0131lm\u0131\u015ft\u0131. M\u00fczik d\u00fcnyas\u0131nda \u00e7\u0131\u011f\u0131r a\u00e7an gen\u00e7 bir y\u0131ld\u0131zken hayat\u0131n\u0131 kaybeden Kurt Cobain&#x27;in \u00f6l\u00fcm\u00fc 32 y\u0131l sonra yeniden g\u00fcndemde&#8230;<\/p>\n<p>Bir d\u00f6nemin dinleyicilerinin haf\u0131zlar\u0131na kaz\u0131nan, aradan ge\u00e7en 10 y\u0131llar boyunca bile h\u00e2l\u00e2 dinlenmeye devam eden \u015fark\u0131lar\u0131ndaki h\u00fcz\u00fcn ve kendisinin de y\u0131ld\u0131zl\u0131k mertebesine ula\u015fsa bile i\u00e7ine kapan\u0131k, depresif hallerini bilenler onun hayat\u0131na kendi iste\u011fiyle son vermi\u015f olabilece\u011finden \u015f\u00fcphelenmemi\u015fti.<\/p>\n<p>ONUN \u0130NT\u0130HAR&#8230;<\/p>\n","protected":false},"excerpt":{"rendered":"<p>Asl\u0131nda bir\u00e7ok hayran\u0131 y\u0131llard\u0131r onun \u00f6l\u00fcm\u00fcyle ilgili ger\u00e7eklere inanm\u0131yor, biraz \u00fcz\u00fcnt\u00fclerinden biraz da bu \u00f6l\u00fcm\u00fcn etraf\u0131n\u0131 \u00e7evreleyen tuhaf kan\u0131tlardan&#8230;<\/p>\n","protected":false},"author":2,"featured_media":1233,"comment_status":"open","ping_status":"open","sticky":false,"template":"","format":"standard","meta":{"footnotes":""},"categories":[8,6,5],"tags":[],"class_list":["post-1234","post","type-post","status-publish","format-standard","has-post-thumbnail","hentry","category-arsiv","category-gundem","category-son-dakika"],"_links":{"self":[{"href":"https:\/\/eskigazeteci.com\/index.php?rest_route=\/wp\/v2\/posts\/1234","targetHints":{"allow":["GET"]}}],"collection":[{"href":"https:\/\/eskigazeteci.com\/index.php?rest_route=\/wp\/v2\/posts"}],"about":[{"href":"https:\/\/eskigazeteci.com\/index.php?rest_route=\/wp\/v2\/types\/post"}],"author":[{"embeddable":true,"href":"https:\/\/eskigazeteci.com\/index.php?rest_route=\/wp\/v2\/users\/2"}],"replies":[{"embeddable":true,"href":"https:\/\/eskigazeteci.com\/index.php?rest_route=%2Fwp%2Fv2%2Fcomments&post=1234"}],"version-history":[{"count":0,"href":"https:\/\/eskigazeteci.com\/index.php?rest_route=\/wp\/v2\/posts\/1234\/revisions"}],"wp:featuredmedia":[{"embeddable":true,"href":"https:\/\/eskigazeteci.com\/index.php?rest_route=\/wp\/v2\/media\/1233"}],"wp:attachment":[{"href":"https:\/\/eskigazeteci.com\/index.php?rest_route=%2Fwp%2Fv2%2Fmedia&parent=1234"}],"wp:term":[{"taxonomy":"category","embeddable":true,"href":"https:\/\/eskigazeteci.com\/index.php?rest_route=%2Fwp%2Fv2%2Fcategories&post=1234"},{"taxonomy":"post_tag","embeddable":true,"href":"https:\/\/eskigazeteci.com\/index.php?rest_route=%2Fwp%2Fv2%2Ftags&post=1234"}],"curies":[{"name":"wp","href":"https:\/\/api.w.org\/{rel}","templated":true}]}}