{"id":1232,"date":"2026-02-11T10:37:00","date_gmt":"2026-02-11T10:37:00","guid":{"rendered":"https:\/\/eskigazeteci.com\/?p=1232"},"modified":"2026-02-11T10:37:00","modified_gmt":"2026-02-11T10:37:00","slug":"turk-bayragina-ve-ataturke-hakaret-eden-sahislara-gozalti","status":"publish","type":"post","link":"https:\/\/eskigazeteci.com\/?p=1232","title":{"rendered":"T\u00fcrk bayra\u011f\u0131na ve Atat\u00fcrk&#8217;e hakaret eden \u015fah\u0131slara g\u00f6zalt\u0131"},"content":{"rendered":"<p>\u0130l Emniyet M\u00fcd\u00fcrl\u00fc\u011f\u00fc Siber Su\u00e7larla M\u00fccadele ve G\u00fcvenlik \u015eube M\u00fcd\u00fcrl\u00fc\u011f\u00fc ekipleri, sanal medya \u00fczerinden Atat\u00fcrk aleyhine payla\u015f\u0131mlar yapt\u0131\u011f\u0131 belirlenen C.K. ile T\u00fcrk bayra\u011f\u0131 ve \u0130stiklal Mar\u015f\u0131\u2019n\u0131n bulundu\u011fu bir sayfan\u0131n yak\u0131ld\u0131\u011f\u0131 anlara ait videoyu \u00f6v\u00fcc\u00fc nitelikte payla\u015ft\u0131\u011f\u0131 tespit edilen K.T.\u2019yi, d\u00fczenlenen operasyonla yakalay\u0131p g\u00f6zalt\u0131na ald\u0131. \u015e\u00fcphelilerin adresinde av t\u00fcfe\u011fi ile cep telefonu ve sim kart ele ge\u00e7irildi.<\/p>\n<p>Emniyetteki i\u015flemlerinin ard\u0131ndan adliyeye sevk edilen \u015f\u00fcphelilerden C.K., \u00e7\u0131kar\u0131ld\u0131\u011f\u0131 mahkemede tutukland\u0131, K.T. ise adli kontrol \u015fart\u0131yla serbest b\u0131rak\u0131ld\u0131.<\/p>\n<p>T\u00fcrkiye g\u00fcndeminden son dakika haberleri, bug\u00fcn ya\u015fanan en son geli\u015fmeler, siyaset g\u00fcndeminden g\u00fcncel haberler ve b\u00fct\u00fcn son dakika haberleri i\u00e7in H\u00fcrriyet&#x27;in internet haber sitesi hurriyet.com.tr; Hurriyet.com.tr haber i\u00e7erikleri kaynak g\u00f6sterilmeden al\u0131nt\u0131 yap\u0131lamaz, Kanuna ayk\u0131r\u0131 ve izinsiz olarak kopyalanamaz, ba\u015fka yerde yay\u0131nlanamaz.<\/p>\n","protected":false},"excerpt":{"rendered":"<p>\u015eanl\u0131urfa&#8217;da polis, sanal medya \u00fczerinden T\u00fcrk bayra\u011f\u0131na ve Gazi Mustafa Kemal Atat\u00fcrk\u2019e hakaret ettikleri iddias\u0131yla 2 \u015f\u00fcpheliyi g\u00f6zalt\u0131na ald\u0131.<\/p>\n","protected":false},"author":2,"featured_media":1231,"comment_status":"open","ping_status":"open","sticky":false,"template":"","format":"standard","meta":{"footnotes":""},"categories":[8,6,5],"tags":[],"class_list":["post-1232","post","type-post","status-publish","format-standard","has-post-thumbnail","hentry","category-arsiv","category-gundem","category-son-dakika"],"_links":{"self":[{"href":"https:\/\/eskigazeteci.com\/index.php?rest_route=\/wp\/v2\/posts\/1232","targetHints":{"allow":["GET"]}}],"collection":[{"href":"https:\/\/eskigazeteci.com\/index.php?rest_route=\/wp\/v2\/posts"}],"about":[{"href":"https:\/\/eskigazeteci.com\/index.php?rest_route=\/wp\/v2\/types\/post"}],"author":[{"embeddable":true,"href":"https:\/\/eskigazeteci.com\/index.php?rest_route=\/wp\/v2\/users\/2"}],"replies":[{"embeddable":true,"href":"https:\/\/eskigazeteci.com\/index.php?rest_route=%2Fwp%2Fv2%2Fcomments&post=1232"}],"version-history":[{"count":0,"href":"https:\/\/eskigazeteci.com\/index.php?rest_route=\/wp\/v2\/posts\/1232\/revisions"}],"wp:featuredmedia":[{"embeddable":true,"href":"https:\/\/eskigazeteci.com\/index.php?rest_route=\/wp\/v2\/media\/1231"}],"wp:attachment":[{"href":"https:\/\/eskigazeteci.com\/index.php?rest_route=%2Fwp%2Fv2%2Fmedia&parent=1232"}],"wp:term":[{"taxonomy":"category","embeddable":true,"href":"https:\/\/eskigazeteci.com\/index.php?rest_route=%2Fwp%2Fv2%2Fcategories&post=1232"},{"taxonomy":"post_tag","embeddable":true,"href":"https:\/\/eskigazeteci.com\/index.php?rest_route=%2Fwp%2Fv2%2Ftags&post=1232"}],"curies":[{"name":"wp","href":"https:\/\/api.w.org\/{rel}","templated":true}]}}