{"id":1230,"date":"2026-02-11T10:35:28","date_gmt":"2026-02-11T10:35:28","guid":{"rendered":"https:\/\/eskigazeteci.com\/?p=1230"},"modified":"2026-02-11T10:35:28","modified_gmt":"2026-02-11T10:35:28","slug":"pezeskiyandan-rest-iran-boyun-egmeyecek","status":"publish","type":"post","link":"https:\/\/eskigazeteci.com\/?p=1230","title":{"rendered":"Peze\u015fkiyan&#8217;dan rest! \u0130ran boyun e\u011fmeyecek"},"content":{"rendered":"<p>\u0130ran Cumhurba\u015fkan\u0131 Mesud Peze\u015fkiyan, \u0130slam Devrimi&#x27;nin 47&#x27;nci y\u0131l d\u00f6n\u00fcm\u00fc etkinlikleri kapsam\u0131nda Tahran&#x27;daki Azadi Meydan\u0131&#x27;nda halka hitap etti.<\/p>\n<p>Peze\u015fkiyan, d\u00fc\u015fman\u0131n devrimin ilk g\u00fcn\u00fcnden itibaren fitne ve darbe giri\u015fimleriyle \u0130ran&#x27;\u0131 hedef ald\u0131\u011f\u0131n\u0131 savunarak, ABD ve Avrupa&#x27;n\u0131n devrimi yok etmeye \u00e7al\u0131\u015ft\u0131\u011f\u0131n\u0131, ancak ba\u015far\u0131l\u0131 olamad\u0131\u011f\u0131n\u0131 s\u00f6yledi.<\/p>\n<p>Son d\u00f6nemde \u00fclkede ya\u015fanan protestolara de\u011finen Peze\u015fkiyan, &quot;8 ve 9 Ocak g\u00fcnlerinde ya\u015fananlar hepimizin kalbinde b\u00fcy\u00fck bir ac\u0131 b\u0131rakt\u0131. Halk\u0131m\u0131za kar\u015f\u0131 mahcubuz ve bu olaylarda zarar g\u00f6ren herkese hizmet etmeyi g\u00f6rev biliyoruz&quot; diye konu\u015ftu.<\/p>\n<p>HALKTAN \u00d6Z\u00dcR D\u0130LED\u0130<\/p>\n<p>H\u00fck\u00fcmetin halk\u0131n sesini dinlemeye haz\u0131r oldu\u011funu vurgulayan Peze\u015fkiyan, &quot;Cumhurba\u015fkan\u0131 olarak t\u00fcm aksakl\u0131klar ve eksiklikler nedeniyle \u0130ran milletinden \u00f6z\u00fcr diliyorum. 14&#x27;\u00fcnc\u00fc h\u00fck\u00fcmet olarak halk\u0131n sorunlar\u0131n\u0131 g\u00fc\u00e7le ve kararl\u0131l\u0131kla \u00e7\u00f6zmek i\u00e7in t\u00fcm \u00e7abam\u0131z\u0131 ortaya koyduk. Allah&#x27;\u0131n yard\u0131m\u0131yla bu yolda ba\u015far\u0131l\u0131 olaca\u011f\u0131z&quot; ifadelerini kulland\u0131.<\/p>\n<p>T\u00dcRK\u0130YE DAH\u0130L B\u00d6LGE \u00dcLKELER\u0130NE TE\u015eEKK\u00dcR<\/p>\n<p>Mesud Peze\u015fkiyan, son s\u00fcre\u00e7te ya\u015fanan geli\u015fmeler kar\u015f\u0131s\u0131nda b\u00f6lge \u00fclkelerinin sergiledi\u011fi tutuma da dikkat \u00e7ekerek, &quot;Bu s\u00fcre\u00e7te T\u00fcrkiye, Katar, BAE, Pakistan, Suudi Arabistan, M\u0131s\u0131r ve di\u011fer b\u00f6lge&#8230;<\/p>\n","protected":false},"excerpt":{"rendered":"<p>\u0130ran Cumhurba\u015fkan\u0131 Mesud Peze\u015fkiyan, \u0130slam Devrimi&#8217;nin 47&#8217;nci y\u0131l d\u00f6n\u00fcm\u00fc etkinlikleri kapsam\u0131nda Tahran&#8217;daki Azadi Meydan\u0131&#8217;nda yapt\u0131\u011f\u0131 konu\u015fmada, \u0130ran,&#8230;<\/p>\n","protected":false},"author":2,"featured_media":1229,"comment_status":"open","ping_status":"open","sticky":false,"template":"","format":"standard","meta":{"footnotes":""},"categories":[8,6,5],"tags":[],"class_list":["post-1230","post","type-post","status-publish","format-standard","has-post-thumbnail","hentry","category-arsiv","category-gundem","category-son-dakika"],"_links":{"self":[{"href":"https:\/\/eskigazeteci.com\/index.php?rest_route=\/wp\/v2\/posts\/1230","targetHints":{"allow":["GET"]}}],"collection":[{"href":"https:\/\/eskigazeteci.com\/index.php?rest_route=\/wp\/v2\/posts"}],"about":[{"href":"https:\/\/eskigazeteci.com\/index.php?rest_route=\/wp\/v2\/types\/post"}],"author":[{"embeddable":true,"href":"https:\/\/eskigazeteci.com\/index.php?rest_route=\/wp\/v2\/users\/2"}],"replies":[{"embeddable":true,"href":"https:\/\/eskigazeteci.com\/index.php?rest_route=%2Fwp%2Fv2%2Fcomments&post=1230"}],"version-history":[{"count":0,"href":"https:\/\/eskigazeteci.com\/index.php?rest_route=\/wp\/v2\/posts\/1230\/revisions"}],"wp:featuredmedia":[{"embeddable":true,"href":"https:\/\/eskigazeteci.com\/index.php?rest_route=\/wp\/v2\/media\/1229"}],"wp:attachment":[{"href":"https:\/\/eskigazeteci.com\/index.php?rest_route=%2Fwp%2Fv2%2Fmedia&parent=1230"}],"wp:term":[{"taxonomy":"category","embeddable":true,"href":"https:\/\/eskigazeteci.com\/index.php?rest_route=%2Fwp%2Fv2%2Fcategories&post=1230"},{"taxonomy":"post_tag","embeddable":true,"href":"https:\/\/eskigazeteci.com\/index.php?rest_route=%2Fwp%2Fv2%2Ftags&post=1230"}],"curies":[{"name":"wp","href":"https:\/\/api.w.org\/{rel}","templated":true}]}}