{"id":1228,"date":"2026-02-11T10:33:56","date_gmt":"2026-02-11T10:33:56","guid":{"rendered":"https:\/\/eskigazeteci.com\/?p=1228"},"modified":"2026-02-11T10:33:56","modified_gmt":"2026-02-11T10:33:56","slug":"kayserisporda-surpriz-kadro-disi","status":"publish","type":"post","link":"https:\/\/eskigazeteci.com\/?p=1228","title":{"rendered":"Kayserispor&#8217;da s\u00fcrpriz kadro d\u0131\u015f\u0131!"},"content":{"rendered":"<p>S\u00fcper Lig\u2019de iyi g\u00fcnler ge\u00e7irmeyen Kayserispor\u2019da bir problem de forvet oyuncusundan geldi.<\/p>\n<p>Kocaelispor ma\u00e7\u0131 \u00f6ncesi performans\u0131ndan dolay\u0131 kadroya al\u0131nmayan Rus golc\u00fc, sar\u0131-k\u0131rm\u0131z\u0131l\u0131 kul\u00fcp ile aras\u0131ndaki ipleri koparma noktas\u0131na geldi. Kul\u00fcp sosyal medya hesaplar\u0131n\u0131 takipten \u00e7\u0131kan 30 ya\u015f\u0131ndaki golc\u00fcye tepki olu\u015ftu.<\/p>\n<p>Kayserispor taraftarlar\u0131, Onugkha\u2019n\u0131n adeta gemileri yakmas\u0131na tepki g\u00f6stererek &quot;Kimse Kayserispor\u2019dan b\u00fcy\u00fck de\u011fildir&quot; diye mesajlar yay\u0131nlad\u0131.<\/p>\n<p>PERFORMANSI<\/p>\n<p>Sezon ba\u015f\u0131nda 1 milyon euro kar\u015f\u0131l\u0131\u011f\u0131nda Kopenhag&#x27;dan transfer edilen ve forma giydi\u011fi 16 S\u00fcper Lig ma\u00e7\u0131nda 6 kaydeden Onugkha, Kayserispor &#x27;un bu sezonki en golc\u00fc oyuncusu konumunda.<\/p>\n<p>T\u00fcrkiye&#x27;den ve D\u00fcnya\u2019dan son dakika haberleri, k\u00f6\u015fe yaz\u0131lar\u0131, magazinden siyasete, spordan seyahate b\u00fct\u00fcn konular\u0131n tek adresi Hurriyet.com.tr haber i\u00e7erikleri izin al\u0131nmadan, kaynak g\u00f6sterilerek dahi iktibas edilemez. Kanuna ayk\u0131r\u0131 ve izinsiz olarak kopyalanamaz, ba\u015fka yerde yay\u0131nlanamaz.<\/p>\n","protected":false},"excerpt":{"rendered":"<p>Kayserispor\u2019un forvet oyuncusu German Onugkha kadro d\u0131\u015f\u0131 b\u0131rak\u0131ld\u0131. Rus golc\u00fc, kul\u00fcb\u00fcn sosyal medya hesaplar\u0131n\u0131 takipten \u00e7\u0131karak kadro d\u0131\u015f\u0131 kalmas\u0131na tepki&#8230;<\/p>\n","protected":false},"author":2,"featured_media":1227,"comment_status":"open","ping_status":"open","sticky":false,"template":"","format":"standard","meta":{"footnotes":""},"categories":[8,5,7],"tags":[],"class_list":["post-1228","post","type-post","status-publish","format-standard","has-post-thumbnail","hentry","category-arsiv","category-son-dakika","category-spor"],"_links":{"self":[{"href":"https:\/\/eskigazeteci.com\/index.php?rest_route=\/wp\/v2\/posts\/1228","targetHints":{"allow":["GET"]}}],"collection":[{"href":"https:\/\/eskigazeteci.com\/index.php?rest_route=\/wp\/v2\/posts"}],"about":[{"href":"https:\/\/eskigazeteci.com\/index.php?rest_route=\/wp\/v2\/types\/post"}],"author":[{"embeddable":true,"href":"https:\/\/eskigazeteci.com\/index.php?rest_route=\/wp\/v2\/users\/2"}],"replies":[{"embeddable":true,"href":"https:\/\/eskigazeteci.com\/index.php?rest_route=%2Fwp%2Fv2%2Fcomments&post=1228"}],"version-history":[{"count":0,"href":"https:\/\/eskigazeteci.com\/index.php?rest_route=\/wp\/v2\/posts\/1228\/revisions"}],"wp:featuredmedia":[{"embeddable":true,"href":"https:\/\/eskigazeteci.com\/index.php?rest_route=\/wp\/v2\/media\/1227"}],"wp:attachment":[{"href":"https:\/\/eskigazeteci.com\/index.php?rest_route=%2Fwp%2Fv2%2Fmedia&parent=1228"}],"wp:term":[{"taxonomy":"category","embeddable":true,"href":"https:\/\/eskigazeteci.com\/index.php?rest_route=%2Fwp%2Fv2%2Fcategories&post=1228"},{"taxonomy":"post_tag","embeddable":true,"href":"https:\/\/eskigazeteci.com\/index.php?rest_route=%2Fwp%2Fv2%2Ftags&post=1228"}],"curies":[{"name":"wp","href":"https:\/\/api.w.org\/{rel}","templated":true}]}}