{"id":1226,"date":"2026-02-11T10:32:23","date_gmt":"2026-02-11T10:32:23","guid":{"rendered":"https:\/\/eskigazeteci.com\/?p=1226"},"modified":"2026-02-11T10:32:23","modified_gmt":"2026-02-11T10:32:23","slug":"2026-kadir-gecesi-ne-zaman-kadir-gecesi-ramazanin-hangi-gunune-denk-geliyor","status":"publish","type":"post","link":"https:\/\/eskigazeteci.com\/?p=1226","title":{"rendered":"2026 Kadir Gecesi ne zaman? Kadir Gecesi ramazan\u0131n hangi g\u00fcn\u00fcne denk geliyor?"},"content":{"rendered":"<p>Bin aydan daha hay\u0131rl\u0131 olan Kadir Gecesi tarihi 2026 Diyanet takvimi ile belli oldu. 19 \u015eubat 2026 tarihinde ba\u015flayacak olan Ramazan-\u0131 \u015eerif&#x27;in 27. gecesi idrak edilecek olan Kadir Gecesi&#x27;nde milyonlarca M\u00fcsl\u00fcman, ibadetlerini ihya edecek. Kadir Gecesi&#x27;nde, Kur\u2019an okumak ve anlam\u0131 \u00fczerinde d\u00fc\u015f\u00fcnmek, namaz k\u0131lmak, dua etmek, g\u00fcnahlardan tevbe ve isti\u011ffar etmek dini kaynaklarda tavsiye ediliyor. Allah\u2019\u0131n rahmetinin yery\u00fcz\u00fcn\u00fc ku\u015fatt\u0131\u011f\u0131 Kadir Gecesi manevi duygular\u0131n bolca ya\u015fand\u0131\u011f\u0131 gece olacak. Peki, Kadir Gecesi ne zaman 2026? Kadir Gecesi hangi g\u00fcn, ay\u0131n ka\u00e7\u0131nda? \u0130\u015fte, Kadir Gecesi&#x27;nin tarihi, anlam\u0131 ve \u00f6nemi hakk\u0131nda bilgiler.<\/p>\n<p>Diyanet \u0130\u015fleri Ba\u015fkanl\u0131\u011f\u0131 2026 dini g\u00fcnler takvimini yay\u0131nlad\u0131. B\u00f6ylece Kadir Gecesi tarihi de belli oldu. Yay\u0131nlanan takvime g\u00f6re 2026 y\u0131l\u0131nda Kadir Gecesi, 16 Mart 2026 tarihinde idrak edilecek.<\/p>\n<p>Kadir Gecesi; rahmet, ma\u011ffiret ve g\u00fcnahlardan ar\u0131nma mevsimi olan on bir ay\u0131n sultan\u0131 ramazan ay\u0131n\u0131n kalbi mesabesindedir. Y\u00fcce Allah (c.c.), Kadir Gecesi\u2019nde Kur\u2019an\u2019\u0131 Hz. Peygamber\u2019e indirerek, melekleri yery\u00fcz\u00fcne g\u00f6ndererek ve o geceyi, i\u00e7inde Kadir Gecesi bulunmayan bin aydan hay\u0131rl\u0131 k\u0131larak ona m\u00fcstesna bir de\u011fer vermi\u015ftir.<\/p>\n<p>Kadir kelimesi s\u00f6zl\u00fckte, \u201cg\u00fc\u00e7,&#8230;<\/p>\n","protected":false},"excerpt":{"rendered":"<p>Kadir Gecesi tarihi 2026, yakla\u015fan ramazan ay\u0131r \u00f6ncesi, \u0130slam d\u00fcnyas\u0131nda M\u00fcsl\u00fcmanlar\u0131n g\u00fcndemine geldi. Kur\u2019an-\u0131 Ker\u00eem\u2019in inmeye ba\u015flad\u0131\u011f\u0131 bir gece olmas\u0131&#8230;<\/p>\n","protected":false},"author":2,"featured_media":1225,"comment_status":"open","ping_status":"open","sticky":false,"template":"","format":"standard","meta":{"footnotes":""},"categories":[8,6,5],"tags":[],"class_list":["post-1226","post","type-post","status-publish","format-standard","has-post-thumbnail","hentry","category-arsiv","category-gundem","category-son-dakika"],"_links":{"self":[{"href":"https:\/\/eskigazeteci.com\/index.php?rest_route=\/wp\/v2\/posts\/1226","targetHints":{"allow":["GET"]}}],"collection":[{"href":"https:\/\/eskigazeteci.com\/index.php?rest_route=\/wp\/v2\/posts"}],"about":[{"href":"https:\/\/eskigazeteci.com\/index.php?rest_route=\/wp\/v2\/types\/post"}],"author":[{"embeddable":true,"href":"https:\/\/eskigazeteci.com\/index.php?rest_route=\/wp\/v2\/users\/2"}],"replies":[{"embeddable":true,"href":"https:\/\/eskigazeteci.com\/index.php?rest_route=%2Fwp%2Fv2%2Fcomments&post=1226"}],"version-history":[{"count":0,"href":"https:\/\/eskigazeteci.com\/index.php?rest_route=\/wp\/v2\/posts\/1226\/revisions"}],"wp:featuredmedia":[{"embeddable":true,"href":"https:\/\/eskigazeteci.com\/index.php?rest_route=\/wp\/v2\/media\/1225"}],"wp:attachment":[{"href":"https:\/\/eskigazeteci.com\/index.php?rest_route=%2Fwp%2Fv2%2Fmedia&parent=1226"}],"wp:term":[{"taxonomy":"category","embeddable":true,"href":"https:\/\/eskigazeteci.com\/index.php?rest_route=%2Fwp%2Fv2%2Fcategories&post=1226"},{"taxonomy":"post_tag","embeddable":true,"href":"https:\/\/eskigazeteci.com\/index.php?rest_route=%2Fwp%2Fv2%2Ftags&post=1226"}],"curies":[{"name":"wp","href":"https:\/\/api.w.org\/{rel}","templated":true}]}}