{"id":1220,"date":"2026-02-11T10:13:52","date_gmt":"2026-02-11T10:13:52","guid":{"rendered":"https:\/\/eskigazeteci.com\/?p=1220"},"modified":"2026-02-11T10:13:52","modified_gmt":"2026-02-11T10:13:52","slug":"5-yasindaki-oglunu-denize-atip-oldurdu-cani-anneden-kan-donduran-ifade","status":"publish","type":"post","link":"https:\/\/eskigazeteci.com\/?p=1220","title":{"rendered":"5 ya\u015f\u0131ndaki o\u011flunu denize at\u0131p \u00f6ld\u00fcrd\u00fc: Cani anneden kan donduran ifade"},"content":{"rendered":"<p>Olay, d\u00fcn saat 15.30 s\u0131ralar\u0131nda G\u00fczelyal\u0131 Yat Liman\u0131\u2019nda meydana geldi. Sevda G\u00fc\u00e7l\u00fc, o\u011flu Muhammet Boran G\u00fc\u00e7l\u00fc ile birlikte denize atlad\u0131. Bir s\u00fcre sonra Sevda G\u00fc\u00e7l\u00fc kendi imkanlar\u0131yla denizden \u00e7\u0131karken, o\u011flu ise bo\u011fuldu.<\/p>\n<p>ABLASINI ISLAK KIYAFETLER\u0130YLE CAM\u0130 \u00d6N\u00dcNDE, YE\u011eEN\u0130N\u0130 SAH\u0130LDE BULDU<\/p>\n<p>Bu arada olay\u0131n, \u00d6mer Y.\u2019nin, psikolojik sorunlar\u0131 olan ablas\u0131n\u0131 takip etmesiyle ortaya \u00e7\u0131kt\u0131\u011f\u0131 belirtildi. Ankara\u2019da olan e\u015fiyle bir s\u00fcredir ayr\u0131 ya\u015fayan ve bo\u015fanma a\u015famas\u0131nda oldu\u011fu belirtilen Sevda G\u00fc\u00e7l\u00fc\u2019n\u00fcn, Osmangazi il\u00e7esi Emek Mahallesi\u2019ndeki evinden \u00e7\u0131k\u0131p Mudanya\u2019ya gitti\u011fini \u00f6\u011frenen karde\u015fi \u00d6mer Y.\u2019nin, psikolojik sorunlar\u0131 oldu\u011fu gerek\u00e7esiyle takip etti\u011fi ablas\u0131n\u0131, G\u00fczelyal\u0131\u2019daki caminin kenar\u0131nda \u0131slak k\u0131yafetleriyle otururken g\u00f6rd\u00fc. G\u00fc\u00e7l\u00fc\u2019n\u00fcn, ye\u011fenini soran karde\u015fine, \u2018\u00d6lmek istiyordu ben de onu denize ittim\u2019 dedi\u011fi bildirildi. Ko\u015farak sahile giden \u00d6mer Y., Muhammet Boran G\u00fc\u00e7l\u00fc\u2019n\u00fcn sahile vuran cans\u0131z bedenini buldu. Day\u0131s\u0131n\u0131n, kuca\u011f\u0131na al\u0131p otomobiliyle Mudanya Devlet Hastanesi&#x27;ne getirdi\u011fi Muhammet Boran G\u00fc\u00e7l\u00fc\u2019n\u00fcn hayat\u0131n\u0131 kaybetti\u011fi belirlendi.<\/p>\n<p>\u2018MUHAMMET \u00d6LMEK \u0130ST\u0130YORDU\u2019<\/p>\n<p>Polis taraf\u0131ndan, \u2018Kasten \u00f6ld\u00fcrme\u2019 su\u00e7lamas\u0131yla g\u00f6zalt\u0131na al\u0131nan Sevda G\u00fc\u00e7l\u00fc\u2019n\u00fcn emniyetteki ifadesinde,&#8230;<\/p>\n","protected":false},"excerpt":{"rendered":"<p>Bursa&#8217;n\u0131n Mudanya il\u00e7esinde, elinden tutup denize atlad\u0131\u011f\u0131 o\u011flu Muhammet Boran G\u00fc\u00e7l\u00fc\u2019n\u00fcn (5) bo\u011fularak \u00f6l\u00fcm\u00fcne neden olan Sevda G\u00fc\u00e7l\u00fc (30) g\u00f6zalt\u0131na al\u0131nd\u0131&#8230;.<\/p>\n","protected":false},"author":2,"featured_media":1219,"comment_status":"open","ping_status":"open","sticky":false,"template":"","format":"standard","meta":{"footnotes":""},"categories":[8,6,5],"tags":[],"class_list":["post-1220","post","type-post","status-publish","format-standard","has-post-thumbnail","hentry","category-arsiv","category-gundem","category-son-dakika"],"_links":{"self":[{"href":"https:\/\/eskigazeteci.com\/index.php?rest_route=\/wp\/v2\/posts\/1220","targetHints":{"allow":["GET"]}}],"collection":[{"href":"https:\/\/eskigazeteci.com\/index.php?rest_route=\/wp\/v2\/posts"}],"about":[{"href":"https:\/\/eskigazeteci.com\/index.php?rest_route=\/wp\/v2\/types\/post"}],"author":[{"embeddable":true,"href":"https:\/\/eskigazeteci.com\/index.php?rest_route=\/wp\/v2\/users\/2"}],"replies":[{"embeddable":true,"href":"https:\/\/eskigazeteci.com\/index.php?rest_route=%2Fwp%2Fv2%2Fcomments&post=1220"}],"version-history":[{"count":0,"href":"https:\/\/eskigazeteci.com\/index.php?rest_route=\/wp\/v2\/posts\/1220\/revisions"}],"wp:featuredmedia":[{"embeddable":true,"href":"https:\/\/eskigazeteci.com\/index.php?rest_route=\/wp\/v2\/media\/1219"}],"wp:attachment":[{"href":"https:\/\/eskigazeteci.com\/index.php?rest_route=%2Fwp%2Fv2%2Fmedia&parent=1220"}],"wp:term":[{"taxonomy":"category","embeddable":true,"href":"https:\/\/eskigazeteci.com\/index.php?rest_route=%2Fwp%2Fv2%2Fcategories&post=1220"},{"taxonomy":"post_tag","embeddable":true,"href":"https:\/\/eskigazeteci.com\/index.php?rest_route=%2Fwp%2Fv2%2Ftags&post=1220"}],"curies":[{"name":"wp","href":"https:\/\/api.w.org\/{rel}","templated":true}]}}