{"id":122,"date":"2026-02-09T09:23:38","date_gmt":"2026-02-09T09:23:38","guid":{"rendered":"https:\/\/eskigazeteci.com\/?p=122"},"modified":"2026-02-09T09:23:38","modified_gmt":"2026-02-09T09:23:38","slug":"haber-36","status":"publish","type":"post","link":"https:\/\/eskigazeteci.com\/?p=122","title":{"rendered":"Haber"},"content":{"rendered":"<p>Liderli\u011fini Aziz \u0130hsan Akta\u015f&#x27;\u0131n yapt\u0131\u011f\u0131 \u00f6ne s\u00fcr\u00fclen \u00e7\u0131kar ama\u00e7l\u0131 su\u00e7 \u00f6rg\u00fct\u00fc taraf\u0131ndan aralar\u0131nda tutuklanmalar\u0131n\u0131n ard\u0131ndan g\u00f6revlerinden uzakla\u015ft\u0131r\u0131lan san\u0131klar Be\u015fikta\u015f Belediye Ba\u015fkan\u0131 R\u0131za Akpolat, Avc\u0131lar Belediye Ba\u015fkan\u0131 Utku Caner \u00c7aykara, Seyhan Belediye Ba\u015fkan\u0131 Oya Tekin, Ceyhan Belediye Ba\u015fkan\u0131 Kadir Aydar, tahliye edilen Adana B\u00fcy\u00fck\u015fehir Belediye Ba\u015fkan\u0131 Zeydan Karalar ile tahliye edilip g\u00f6revine iade edilen Ad\u0131yaman Belediye Ba\u015fkan\u0131 Abdurrahman Tutdere&#x27;nin de bulundu\u011fu belediye ba\u015fkanlar\u0131na r\u00fc\u015fvet verilerek ihale s\u00fcre\u00e7lerinin organize edilmesi iddias\u0131na y\u00f6nelik haz\u0131rlanan iddianame kapsam\u0131nda, 200 san\u0131k 27 Ocak Sal\u0131 g\u00fcn\u00fc ilk kez hakim kar\u015f\u0131s\u0131na \u00e7\u0131km\u0131\u015ft\u0131.<\/p>\n<p>AZ\u0130Z \u0130HSAN AKTA\u015e \u0130LK KEZ SAVUNMA YAPACAK<\/p>\n<p>Yarg\u0131lamada bug\u00fcn 3&#x27;\u00fcnc\u00fc haftaya girilirken, bu haftaki duru\u015fmada, iddianamede 187 y\u0131ldan 450 y\u0131la hapsi istenen, \u00f6rg\u00fct lideri olarak aktar\u0131lan ve etkin pi\u015fmanl\u0131k h\u00fck\u00fcmleri kapsam\u0131nda 4 Haziran 2025 tarihinde tahliye olan tutuksuz san\u0131k Aziz \u0130hsan Akta\u015f ba\u015fta olmak \u00fczere toplam 167 tutuksuz san\u0131\u011f\u0131n savunmalar\u0131 al\u0131nmaya ba\u015flanacak.<\/p>\n<p>\u0130DD\u0130ANAMEDEN<\/p>\n<p>\u0130stanbul Cumhuriyet Ba\u015fsavc\u0131l\u0131\u011f\u0131 \u00d6rg\u00fctl\u00fc Su\u00e7lar Soru\u015fturma B\u00fcrosunca haz\u0131rlanan 578 sayfal\u0131k iddianamede, Be\u015fikta\u015f, Avc\u0131lar ve Esenyurt belediyeleri ile \u0130stanbul Asfalt Fabrikalar\u0131 Sanayi Ticaret A.\u015e., \u0130stanbul Elektrik Tramvay ve T\u00fcnel \u0130\u015fletmeleri Genel M\u00fcd\u00fcrl\u00fc\u011f\u00fc &#x27;su\u00e7tan zarar g\u00f6ren&#x27; s\u0131fat\u0131yla yer ald\u0131. Ayr\u0131ca, aralar\u0131nda \u00f6rg\u00fct lideri oldu\u011fu \u00f6ne s\u00fcr\u00fclen Aziz \u0130hsan Akta\u015f, Be\u015fikta\u015f Belediye Ba\u015fkan\u0131 R\u0131za Akpolat, Ad\u0131yaman Belediye Ba\u015fkan\u0131 Abdurrahman Tutdere, Adana B\u00fcy\u00fck\u015fehir Belediye Ba\u015fkan\u0131 Zeydan Karalar, Ceyhan Belediye Ba\u015fkan\u0131 Kadir Aydar, Seyhan Belediye Ba\u015fkan\u0131 Oya Tekin, Esenyurt Belediye Ba\u015fkan\u0131 Ahmet \u00d6zer ve Avc\u0131lar Belediye Ba\u015fkan\u0131 Utku Caner \u00c7aykara&#x27;n\u0131n da bulundu\u011fu 200 ki\u015fi &#x27;\u015f\u00fcpheli&#x27; s\u0131fat\u0131yla, 19 ki\u015fi ise &#x27;ma\u011fdur&#x27; s\u0131fat\u0131yla yer ald\u0131.<\/p>\n<p>AKTA\u015e, ETK\u0130N P\u0130\u015eMANLIK H\u00dcK\u00dcMLER\u0130 KAPSAMINDA TAHL\u0130YE ED\u0130LM\u0130\u015eT\u0130<\/p>\n<p>Soru\u015fturma kapsam\u0131nda san\u0131k Aziz \u0130hsan Akta\u015f, 30 Nisan 2025 ve 11 May\u0131s 2025 tarihlerinde ek ifade vermi\u015fti. Akta\u015f, etkin pi\u015fmanl\u0131k h\u00fck\u00fcmlerinden faydaland\u0131\u011f\u0131 gerek\u00e7esiyle 4 Haziran 2025 tarihinde ise &#x27;konutu terk etmemek&#x27; \u015feklinde adli kontrol tedbiri uygulanmas\u0131 \u015fart\u0131yla tahliye edilmi\u015fti.<\/p>\n<p>\u00d6RG\u00dcT L\u0130DER\u0130NE 450 YILA KADAR HAP\u0130S TALEB\u0130<\/p>\n<p>Haz\u0131rlanan iddianamede, \u015f\u00fcpheli Aziz \u0130hsan Akta\u015f &#x27;\u0131n &#x27;su\u00e7 i\u015flemek amac\u0131yla \u00f6rg\u00fct kurma&#x27;, 42 kez &#x27;ihaleye fesat kar\u0131\u015ft\u0131rma&#x27;, 4 kez &#x27;edimin ifas\u0131na fesat kar\u0131\u015ft\u0131rma&#x27;, 5 kez &#x27;resmi belgede sahtecilik&#x27;, 21 kez &#x27;\u00f6zel belgede sahtecilik&#x27;, &#x27;kamu kurum kurulu\u015flar\u0131n\u0131n zarar\u0131na doland\u0131r\u0131c\u0131l\u0131k&#x27;, 10 kez &#x27; r\u00fc\u015fvet verme&#x27;, &#x27;su\u00e7tan kaynaklanan malvarl\u0131\u011f\u0131 de\u011ferlerini aklama&#x27; ve &#x27;ger\u00e7e\u011fe ayk\u0131r\u0131 fatura d\u00fczenleme&#x27; su\u00e7lar\u0131ndan toplamda 187 y\u0131ldan 450 y\u0131la kadar hapis cezas\u0131na \u00e7arpt\u0131r\u0131lmas\u0131 talep edildi. Utku Caner \u00c7aykara&#x27;n\u0131n 2 kez &#x27;ihaleye fesat kar\u0131\u015ft\u0131rma&#x27; ve &#x27;r\u00fc\u015fvet alma&#x27; su\u00e7lar\u0131ndan 5 y\u0131ldan 15 y\u0131la kadar hapis cezas\u0131na \u00e7arpt\u0131r\u0131lmas\u0131 talep edilen iddianamede, Ahmet \u00d6zer i\u00e7in 2 kez &#x27;ihaleye fesat kar\u0131\u015ft\u0131rma&#x27; ve 2 kez &#x27;\u00f6zel belgede sahtecilik&#x27; su\u00e7undan 3 y\u0131ldan 9 y\u0131la kadar hapis cezas\u0131 talep edildi. San\u0131klar Oya Tekin, Kadir Aydar, Zeydan Karalar ve Abdurrahman Tutdere i\u00e7in &#x27;r\u00fc\u015fvet alma&#x27; su\u00e7undan 4&#x27;er y\u0131ldan 12&#x27;\u015fer y\u0131la kadar hapis cezas\u0131 talep edilirken, \u015f\u00fcpheli R\u0131za Akpolat&#x27;\u0131n ise &#x27;su\u00e7 \u00f6rg\u00fct\u00fcne \u00fcye olma&#x27;, 26 kez &#x27;ihaleye fesat kar\u0131\u015ft\u0131rma&#x27;, 3 kez &#x27;resmi belgede sahtecilik&#x27;, 19 kez &#x27;\u00f6zel belgede sahtecilik&#x27;, &#x27;kamu kurum ve kurulu\u015flar\u0131 zarar\u0131na doland\u0131r\u0131c\u0131l\u0131k&#x27;, 4 kez &#x27;r\u00fc\u015fvet alma&#x27;, &#x27;su\u00e7tan kaynaklanan malvarl\u0131\u011f\u0131 de\u011ferlerini aklama&#x27; ve &#x27;haks\u0131z mal edinme&#x27; su\u00e7lar\u0131ndan 133 y\u0131ldan 337 y\u0131la kadar hapis cezas\u0131na \u00e7arpt\u0131r\u0131lmas\u0131 talep edildi.<\/p>\n<p>T\u00fcrkiye g\u00fcndeminden son dakika haberleri, bug\u00fcn ya\u015fanan en son geli\u015fmeler, siyaset g\u00fcndeminden g\u00fcncel haberler ve b\u00fct\u00fcn son dakika haberleri i\u00e7in H\u00fcrriyet&#x27;in internet haber sitesi hurriyet.com.tr; Hurriyet.com.tr haber i\u00e7erikleri kaynak g\u00f6sterilmeden al\u0131nt\u0131 yap\u0131lamaz, Kanuna ayk\u0131r\u0131 ve izinsiz olarak kopyalanamaz, ba\u015fka yerde yay\u0131nlanamaz.<\/p>\n","protected":false},"excerpt":{"rendered":"<p>Belediye ba\u015fkanlar\u0131na r\u00fc\u015fvet vererek ihale s\u00fcre\u00e7lerini organize etti\u011fi iddia edilen ve liderli\u011fini Aziz \u0130hsan Akta\u015f&#8217;\u0131n yapt\u0131\u011f\u0131 \u00f6ne s\u00fcr\u00fclen su\u00e7 \u00f6rg\u00fct\u00fcne&#8230;<\/p>\n","protected":false},"author":2,"featured_media":121,"comment_status":"open","ping_status":"open","sticky":false,"template":"","format":"standard","meta":{"footnotes":""},"categories":[8,3],"tags":[],"class_list":["post-122","post","type-post","status-publish","format-standard","has-post-thumbnail","hentry","category-arsiv","category-siyaset"],"_links":{"self":[{"href":"https:\/\/eskigazeteci.com\/index.php?rest_route=\/wp\/v2\/posts\/122","targetHints":{"allow":["GET"]}}],"collection":[{"href":"https:\/\/eskigazeteci.com\/index.php?rest_route=\/wp\/v2\/posts"}],"about":[{"href":"https:\/\/eskigazeteci.com\/index.php?rest_route=\/wp\/v2\/types\/post"}],"author":[{"embeddable":true,"href":"https:\/\/eskigazeteci.com\/index.php?rest_route=\/wp\/v2\/users\/2"}],"replies":[{"embeddable":true,"href":"https:\/\/eskigazeteci.com\/index.php?rest_route=%2Fwp%2Fv2%2Fcomments&post=122"}],"version-history":[{"count":0,"href":"https:\/\/eskigazeteci.com\/index.php?rest_route=\/wp\/v2\/posts\/122\/revisions"}],"wp:featuredmedia":[{"embeddable":true,"href":"https:\/\/eskigazeteci.com\/index.php?rest_route=\/wp\/v2\/media\/121"}],"wp:attachment":[{"href":"https:\/\/eskigazeteci.com\/index.php?rest_route=%2Fwp%2Fv2%2Fmedia&parent=122"}],"wp:term":[{"taxonomy":"category","embeddable":true,"href":"https:\/\/eskigazeteci.com\/index.php?rest_route=%2Fwp%2Fv2%2Fcategories&post=122"},{"taxonomy":"post_tag","embeddable":true,"href":"https:\/\/eskigazeteci.com\/index.php?rest_route=%2Fwp%2Fv2%2Ftags&post=122"}],"curies":[{"name":"wp","href":"https:\/\/api.w.org\/{rel}","templated":true}]}}