{"id":1218,"date":"2026-02-11T10:12:21","date_gmt":"2026-02-11T10:12:21","guid":{"rendered":"https:\/\/eskigazeteci.com\/?p=1218"},"modified":"2026-02-11T10:12:21","modified_gmt":"2026-02-11T10:12:21","slug":"oyuncu-dostlari-yasa-boguldu-melek-kalpli-karbom-dedim-melek-oldun","status":"publish","type":"post","link":"https:\/\/eskigazeteci.com\/?p=1218","title":{"rendered":"Oyuncu dostlar\u0131 yasa bo\u011fuldu: &#8216;Melek kalpli Karbom&#8217; dedim, melek oldun&#8230;"},"content":{"rendered":"<p>SEMA \u015e\u0130M\u015eEK<\/p>\n<p>\u015eoktay\u0131m\u2026 Destan dizisinde \u00e7al\u0131\u015fm\u0131\u015ft\u0131k. \u00c7ok \u00fczg\u00fcn\u00fcm&#8230; Allah rahmet eylesin!<\/p>\n<p>FER\u0130DE \u00c7ET\u0130N<\/p>\n<p>&quot;Hen\u00fcz 27&#x27;sindeyken&#8230; Bir akt\u00f6r i\u00e7in &#x27;sa\u00e7malama&#x27; zamanlar\u0131ndayken yani, Mahir \u00c7ayan&#x27;\u0131 iliklerine dek hissederek oynad\u0131. Sete \u00e7ok \u00e7al\u0131\u015farak gelirdi ve sesli \u00e7ekimin yada karavan konforunun olmad\u0131\u011f\u0131 o zamanlarda dahi vaktini i\u015fine odaklanarak ge\u00e7irirdi. Mesle\u011fine sad\u0131kt\u0131, seyirciyi \u00f6nemserdi. Sevenlerine sab\u0131r dilerim.&quot;<\/p>\n<p>\u0130PEK KARAPINAR<\/p>\n<p>&quot;Kanbolat\u0131m\u2026 G\u00fczel kalpli biricik oyun arkada\u015f\u0131m\u2026 Ellerim ne yaz\u0131yor,kalbim nas\u0131l \u00e7arp\u0131yor,ne kara bir g\u00fcn\u2026 &#x27;Melek kalpli Kanbom&#x27; derdim, melek oldun\ud83d\ude4f\ud83c\udffbYatt\u0131\u011f\u0131n yer incinmesin\u2026&quot;<\/p>\n<p>I\u015eIL Y\u00dcCESOY<\/p>\n<p>&quot;Ah be G\u00f6rkem\u2019im. Ah be g\u00fczel karde\u015fim&#8230; Ne kadar erken bir veda bu. Ne an\u0131lar\u0131n, ne sayg\u0131n ne sevgin ne \u201cYer G\u00f6k A\u015fk\u201d ta birlikte ya\u015fad\u0131\u011f\u0131m\u0131z g\u00fcnler unutulur. Ba\u015f\u0131m\u0131z sa\u011f olsun.&quot;<\/p>\n<p>EMEL \u00c7\u00d6LGE\u00c7EN<\/p>\n<p>&quot;Ho\u015f\u00e7akal oyun arkada\u015f\u0131m&#8230; \u00dczg\u00fcn\u00fcm, tarifi yok. Yatt\u0131\u011f\u0131n yer incitmesin seni&#8230; \u00c7ok \u00fczg\u00fcn\u00fcm can\u0131m benim&quot;<\/p>\n<p>MEHMET BOZDA\u011e<\/p>\n<p>Ge\u00e7irdi\u011fi kalp krizi sonucu ya\u015fam\u0131n\u0131 yitiren, ge\u00e7mi\u015f y\u0131llarda Kurulu\u015f Osman dizimizde Savc\u0131 Bey karakterine hayat veren Kanbolat G\u00f6rkem Arslan \u2019a Allah\u2019tan rahmet; ailesine, yak\u0131nlar\u0131na ve sanat camiam\u0131za sab\u0131r ve ba\u015fsa\u011fl\u0131\u011f\u0131 diliyorum. Mek\u00e2n\u0131&#8230;<\/p>\n","protected":false},"excerpt":{"rendered":"<p>45 ya\u015f\u0131ndaki oyuncu Kanbolat G\u00f6rkem Arslan&#8217;\u0131n vefat haberi sevenlerini yasa bo\u011fdu. Arslan&#8217;\u0131n oyuncu arkada\u015flar\u0131 art arda ba\u015f sa\u011fl\u0131\u011f\u0131 mesajlar\u0131 yay\u0131nlad\u0131.<\/p>\n","protected":false},"author":2,"featured_media":1217,"comment_status":"open","ping_status":"open","sticky":false,"template":"","format":"standard","meta":{"footnotes":""},"categories":[8,6,5],"tags":[],"class_list":["post-1218","post","type-post","status-publish","format-standard","has-post-thumbnail","hentry","category-arsiv","category-gundem","category-son-dakika"],"_links":{"self":[{"href":"https:\/\/eskigazeteci.com\/index.php?rest_route=\/wp\/v2\/posts\/1218","targetHints":{"allow":["GET"]}}],"collection":[{"href":"https:\/\/eskigazeteci.com\/index.php?rest_route=\/wp\/v2\/posts"}],"about":[{"href":"https:\/\/eskigazeteci.com\/index.php?rest_route=\/wp\/v2\/types\/post"}],"author":[{"embeddable":true,"href":"https:\/\/eskigazeteci.com\/index.php?rest_route=\/wp\/v2\/users\/2"}],"replies":[{"embeddable":true,"href":"https:\/\/eskigazeteci.com\/index.php?rest_route=%2Fwp%2Fv2%2Fcomments&post=1218"}],"version-history":[{"count":0,"href":"https:\/\/eskigazeteci.com\/index.php?rest_route=\/wp\/v2\/posts\/1218\/revisions"}],"wp:featuredmedia":[{"embeddable":true,"href":"https:\/\/eskigazeteci.com\/index.php?rest_route=\/wp\/v2\/media\/1217"}],"wp:attachment":[{"href":"https:\/\/eskigazeteci.com\/index.php?rest_route=%2Fwp%2Fv2%2Fmedia&parent=1218"}],"wp:term":[{"taxonomy":"category","embeddable":true,"href":"https:\/\/eskigazeteci.com\/index.php?rest_route=%2Fwp%2Fv2%2Fcategories&post=1218"},{"taxonomy":"post_tag","embeddable":true,"href":"https:\/\/eskigazeteci.com\/index.php?rest_route=%2Fwp%2Fv2%2Ftags&post=1218"}],"curies":[{"name":"wp","href":"https:\/\/api.w.org\/{rel}","templated":true}]}}