{"id":1214,"date":"2026-02-11T10:03:37","date_gmt":"2026-02-11T10:03:37","guid":{"rendered":"https:\/\/eskigazeteci.com\/?p=1214"},"modified":"2026-02-11T10:03:37","modified_gmt":"2026-02-11T10:03:37","slug":"kampuste-panige-kapilan-ogrencilerin-camdan-atislari","status":"publish","type":"post","link":"https:\/\/eskigazeteci.com\/?p=1214","title":{"rendered":"Kamp\u00fcste Pani\u011fe Kap\u0131lan \u00d6\u011frencilerin Camdan At\u0131\u015flar\u0131"},"content":{"rendered":"<p>Alevlerden kurtulmak istediler: Dakar&#x27;daki \u015eeyh Anta Diop \u00dcniversitesi&#x27;nde pani\u011fe kap\u0131lan baz\u0131 \u00f6\u011frenciler can havliyle camdan atlad\u0131. \u00d6\u011frencilerin dikkat edilmesi gerekti\u011fi protesto s\u0131ras\u0131nda yang\u0131n \u00e7\u0131kt\u0131, ama bu olaylara ra\u011fmen ekonomik durumunun d\u00fczg\u00fcn \u015fekilde de\u011ferlendirilmesi i\u00e7in \u00f6nemli bir noktad\u0131r.<\/p>\n","protected":false},"excerpt":{"rendered":"<p>\u00c7amdan atlad\u0131lar \u00e7\u00fcnk\u00fc \u00f6\u011frencileriyle ilgili d\u00fczeneldi\u011fi protesto s\u0131ras\u0131nda yang\u0131n \u00e7\u0131kt\u0131.<\/p>\n","protected":false},"author":2,"featured_media":1213,"comment_status":"open","ping_status":"open","sticky":false,"template":"","format":"standard","meta":{"footnotes":""},"categories":[8,6,5],"tags":[],"class_list":["post-1214","post","type-post","status-publish","format-standard","has-post-thumbnail","hentry","category-arsiv","category-gundem","category-son-dakika"],"_links":{"self":[{"href":"https:\/\/eskigazeteci.com\/index.php?rest_route=\/wp\/v2\/posts\/1214","targetHints":{"allow":["GET"]}}],"collection":[{"href":"https:\/\/eskigazeteci.com\/index.php?rest_route=\/wp\/v2\/posts"}],"about":[{"href":"https:\/\/eskigazeteci.com\/index.php?rest_route=\/wp\/v2\/types\/post"}],"author":[{"embeddable":true,"href":"https:\/\/eskigazeteci.com\/index.php?rest_route=\/wp\/v2\/users\/2"}],"replies":[{"embeddable":true,"href":"https:\/\/eskigazeteci.com\/index.php?rest_route=%2Fwp%2Fv2%2Fcomments&post=1214"}],"version-history":[{"count":0,"href":"https:\/\/eskigazeteci.com\/index.php?rest_route=\/wp\/v2\/posts\/1214\/revisions"}],"wp:featuredmedia":[{"embeddable":true,"href":"https:\/\/eskigazeteci.com\/index.php?rest_route=\/wp\/v2\/media\/1213"}],"wp:attachment":[{"href":"https:\/\/eskigazeteci.com\/index.php?rest_route=%2Fwp%2Fv2%2Fmedia&parent=1214"}],"wp:term":[{"taxonomy":"category","embeddable":true,"href":"https:\/\/eskigazeteci.com\/index.php?rest_route=%2Fwp%2Fv2%2Fcategories&post=1214"},{"taxonomy":"post_tag","embeddable":true,"href":"https:\/\/eskigazeteci.com\/index.php?rest_route=%2Fwp%2Fv2%2Ftags&post=1214"}],"curies":[{"name":"wp","href":"https:\/\/api.w.org\/{rel}","templated":true}]}}