{"id":1212,"date":"2026-02-11T10:02:17","date_gmt":"2026-02-11T10:02:17","guid":{"rendered":"https:\/\/eskigazeteci.com\/?p=1212"},"modified":"2026-02-11T10:02:17","modified_gmt":"2026-02-11T10:02:17","slug":"kuzey-koreden-irana-destek-savunma-mucadelesinde-basarilar","status":"publish","type":"post","link":"https:\/\/eskigazeteci.com\/?p=1212","title":{"rendered":"Kuzey Kore&#8217;den \u0130ran&#8217;a destek: Savunma m\u00fccadelesinde ba\u015far\u0131lar"},"content":{"rendered":"<p>Kuzey Kore lideri Kim Jong-un, \u0130ran Devrimi&#x27;nin 47&#x27;nci y\u0131ld\u00f6n\u00fcm\u00fc vesilesiyle \u0130ran Cumhurba\u015fkan\u0131 Mesud Peze\u015fkiyan&#x27;a tebrik mesaj\u0131 g\u00f6nderdi.<\/p>\n<p>Kuzey Kore y\u00f6netiminden yap\u0131lan a\u00e7\u0131klamaya g\u00f6re mesaj\u0131nda \u0130ran h\u00fck\u00fcmetine ve halk\u0131na iyi dileklerini ileten Kim, iki \u00fclke aras\u0131ndaki dostluk ve i\u015f birli\u011fi ili\u015fkilerinin daha da geli\u015fmesini umdu\u011funu vurgulad\u0131.<\/p>\n<p>\u0130ran&#x27;\u0131n ba\u011f\u0131ms\u0131zl\u0131\u011f\u0131na y\u00f6nelik deste\u011fini yineleyen Kim, &quot;Halk\u0131n\u0131za ulusal egemenli\u011fi savunma m\u00fccadelesinde ba\u015far\u0131lar diliyorum&quot; ifadelerini kulland\u0131.<\/p>\n<p>Kim&#x27;in Tahran rejimine g\u00f6nderdi\u011fi destek mesaj\u0131n\u0131n ABD&#x27;nin \u0130ran ile y\u00fcr\u00fctt\u00fc\u011f\u00fc n\u00fckleer m\u00fczakereler ve sald\u0131r\u0131 tehditlerinin devam etti\u011fi bir d\u00f6nemde gelmesi dikkat \u00e7ekti.<\/p>\n<p>Yurtd\u0131\u015f\u0131nda ya\u015fanan en son olaylar, d\u00fcnya g\u00fcndemine oturan d\u0131\u015f haberler, son dakika d\u00fcnya haberleri, di\u011fer d\u00fcnya \u00fclkelerinden g\u00fcncel haberler i\u00e7in T\u00fcrkiye&#x27;nin haber sitesi hurriyet.com.tr; Hurriyet.com.tr haber i\u00e7erikleri kaynak g\u00f6sterilmeden al\u0131nt\u0131 yap\u0131lamaz, Kanuna ayk\u0131r\u0131 ve izinsiz olarak kopyalanamaz, ba\u015fka yerde yay\u0131nlanamaz.<\/p>\n","protected":false},"excerpt":{"rendered":"<p>Kuzey Kore lideri Kim Jong-un, \u0130ran Devrimi&#8217;nin 47&#8217;nci y\u0131l d\u00f6n\u00fcm\u00fc vesilesiyle \u0130ran Cumhurba\u015fkan\u0131 Mesud Peze\u015fkiyan&#8217;a g\u00f6nderdi\u011fi tebrik mesajda, Halk\u0131n\u0131za&#8230;<\/p>\n","protected":false},"author":2,"featured_media":1211,"comment_status":"open","ping_status":"open","sticky":false,"template":"","format":"standard","meta":{"footnotes":""},"categories":[8,6,5],"tags":[],"class_list":["post-1212","post","type-post","status-publish","format-standard","has-post-thumbnail","hentry","category-arsiv","category-gundem","category-son-dakika"],"_links":{"self":[{"href":"https:\/\/eskigazeteci.com\/index.php?rest_route=\/wp\/v2\/posts\/1212","targetHints":{"allow":["GET"]}}],"collection":[{"href":"https:\/\/eskigazeteci.com\/index.php?rest_route=\/wp\/v2\/posts"}],"about":[{"href":"https:\/\/eskigazeteci.com\/index.php?rest_route=\/wp\/v2\/types\/post"}],"author":[{"embeddable":true,"href":"https:\/\/eskigazeteci.com\/index.php?rest_route=\/wp\/v2\/users\/2"}],"replies":[{"embeddable":true,"href":"https:\/\/eskigazeteci.com\/index.php?rest_route=%2Fwp%2Fv2%2Fcomments&post=1212"}],"version-history":[{"count":0,"href":"https:\/\/eskigazeteci.com\/index.php?rest_route=\/wp\/v2\/posts\/1212\/revisions"}],"wp:featuredmedia":[{"embeddable":true,"href":"https:\/\/eskigazeteci.com\/index.php?rest_route=\/wp\/v2\/media\/1211"}],"wp:attachment":[{"href":"https:\/\/eskigazeteci.com\/index.php?rest_route=%2Fwp%2Fv2%2Fmedia&parent=1212"}],"wp:term":[{"taxonomy":"category","embeddable":true,"href":"https:\/\/eskigazeteci.com\/index.php?rest_route=%2Fwp%2Fv2%2Fcategories&post=1212"},{"taxonomy":"post_tag","embeddable":true,"href":"https:\/\/eskigazeteci.com\/index.php?rest_route=%2Fwp%2Fv2%2Ftags&post=1212"}],"curies":[{"name":"wp","href":"https:\/\/api.w.org\/{rel}","templated":true}]}}