{"id":1210,"date":"2026-02-11T09:53:50","date_gmt":"2026-02-11T09:53:50","guid":{"rendered":"https:\/\/eskigazeteci.com\/?p=1210"},"modified":"2026-02-11T09:53:50","modified_gmt":"2026-02-11T09:53:50","slug":"anadolu-efesin-konugu-virtus-bologna","status":"publish","type":"post","link":"https:\/\/eskigazeteci.com\/?p=1210","title":{"rendered":"Anadolu Efes&#8217;in konu\u011fu Virtus Bologna!"},"content":{"rendered":"<p>Basketbol Geli\u015fim Merkezi&#x27;ndeki kar\u015f\u0131la\u015fma, saat 20.30&#x27;da ba\u015flayacak.<\/p>\n<p>Son iki ma\u00e7ta Valencia Basket ve Zalgiris&#x27;i ma\u011flup eden Anadolu Efes , Virtus Bologna kar\u015f\u0131s\u0131nda kazan\u0131p, galibiyet serisi yakalamaya \u00e7al\u0131\u015facak.<\/p>\n<p>Geride kalan 27 haftada 8 galibiyet ve 19 ma\u011flubiyet ya\u015fayan lacivert-beyazl\u0131 ekip, 19. s\u0131rada bulunuyor.<\/p>\n<p>Organizasyondaki 27 kar\u015f\u0131la\u015fman\u0131n 12&#x27;sini kazanan Virtus Bologna ise 13. s\u0131rada yer al\u0131yor.<\/p>\n<p>\u0130ki tak\u0131m aras\u0131nda, EuroLeague &#x27;in 10. haftas\u0131nda oynanan kar\u015f\u0131la\u015fmay\u0131, \u0130talya ekibi 99-89 kazanm\u0131\u015ft\u0131.<\/p>\n<p>T\u00fcrkiye&#x27;den ve D\u00fcnya\u2019dan son dakika haberleri, k\u00f6\u015fe yaz\u0131lar\u0131, magazinden siyasete, spordan seyahate b\u00fct\u00fcn konular\u0131n tek adresi Hurriyet.com.tr haber i\u00e7erikleri izin al\u0131nmadan, kaynak g\u00f6sterilerek dahi iktibas edilemez. Kanuna ayk\u0131r\u0131 ve izinsiz olarak kopyalanamaz, ba\u015fka yerde yay\u0131nlanamaz.<\/p>\n","protected":false},"excerpt":{"rendered":"<p>Anadolu Efes, EuroLeague&#8217;in 28. haftas\u0131nda yar\u0131n Basketbol Geli\u015fim Merkezi&#8217;ndeki kar\u015f\u0131la\u015fma, saat 20.30&#8217;da ba\u015flayacak.<\/p>\n","protected":false},"author":2,"featured_media":1209,"comment_status":"open","ping_status":"open","sticky":false,"template":"","format":"standard","meta":{"footnotes":""},"categories":[8,5,7],"tags":[],"class_list":["post-1210","post","type-post","status-publish","format-standard","has-post-thumbnail","hentry","category-arsiv","category-son-dakika","category-spor"],"_links":{"self":[{"href":"https:\/\/eskigazeteci.com\/index.php?rest_route=\/wp\/v2\/posts\/1210","targetHints":{"allow":["GET"]}}],"collection":[{"href":"https:\/\/eskigazeteci.com\/index.php?rest_route=\/wp\/v2\/posts"}],"about":[{"href":"https:\/\/eskigazeteci.com\/index.php?rest_route=\/wp\/v2\/types\/post"}],"author":[{"embeddable":true,"href":"https:\/\/eskigazeteci.com\/index.php?rest_route=\/wp\/v2\/users\/2"}],"replies":[{"embeddable":true,"href":"https:\/\/eskigazeteci.com\/index.php?rest_route=%2Fwp%2Fv2%2Fcomments&post=1210"}],"version-history":[{"count":0,"href":"https:\/\/eskigazeteci.com\/index.php?rest_route=\/wp\/v2\/posts\/1210\/revisions"}],"wp:featuredmedia":[{"embeddable":true,"href":"https:\/\/eskigazeteci.com\/index.php?rest_route=\/wp\/v2\/media\/1209"}],"wp:attachment":[{"href":"https:\/\/eskigazeteci.com\/index.php?rest_route=%2Fwp%2Fv2%2Fmedia&parent=1210"}],"wp:term":[{"taxonomy":"category","embeddable":true,"href":"https:\/\/eskigazeteci.com\/index.php?rest_route=%2Fwp%2Fv2%2Fcategories&post=1210"},{"taxonomy":"post_tag","embeddable":true,"href":"https:\/\/eskigazeteci.com\/index.php?rest_route=%2Fwp%2Fv2%2Ftags&post=1210"}],"curies":[{"name":"wp","href":"https:\/\/api.w.org\/{rel}","templated":true}]}}