{"id":1204,"date":"2026-02-11T09:33:49","date_gmt":"2026-02-11T09:33:49","guid":{"rendered":"https:\/\/eskigazeteci.com\/?p=1204"},"modified":"2026-02-11T09:33:49","modified_gmt":"2026-02-11T09:33:49","slug":"manchester-city","status":"publish","type":"post","link":"https:\/\/eskigazeteci.com\/?p=1204","title":{"rendered":"Manchester City"},"content":{"rendered":"<p>Manchester City ve Fulham, Premier Lig 26. hafta ma\u00e7\u0131nda kar\u015f\u0131 kar\u015f\u0131ya geliyor. Guardiola\u2019n\u0131n \u00f6\u011frencileri ligde 50 puanla 2. s\u0131rada yer al\u0131yor. Fulham ise 34 puanla 12. basamakta yer al\u0131yor. Her iki ekip de m\u00fcsabakadan galibiyetle ayr\u0131larak avantajl\u0131 duruma gelmek istiyor. \u0130\u015fte Manchester City- Fulham ma\u00e7\u0131 canl\u0131 yay\u0131n bilgisi&#8230;<\/p>\n<p>MANCHESTER CITY &#8211; FULHAM MA\u00c7I NE ZAMAN, SAAT KA\u00c7TA, HANG\u0130 KANALDA?<\/p>\n<p>Manchester City ve Fulham , bu ak\u015fam (11 \u015eubat) kozlar\u0131n\u0131 payla\u015f\u0131yor. Etihad Stadyumu&#x27;nda oynanacak m\u00fcsabaka 22.30&#x27;da ba\u015flayacak.<\/p>\n<p>Hakem Paul Tierney&#x27;in y\u00f6netece\u011fi m\u00fccadele beIN Sports 3 ekranlar\u0131ndan canl\u0131 olarak takip edilebilecek.<\/p>\n<p>T\u00fcrkiye&#x27;den ve D\u00fcnya\u2019dan son dakika haberleri, k\u00f6\u015fe yaz\u0131lar\u0131, magazinden siyasete, spordan seyahate b\u00fct\u00fcn konular\u0131n tek adresi Hurriyet.com.tr haber i\u00e7erikleri izin al\u0131nmadan, kaynak g\u00f6sterilerek dahi iktibas edilemez. Kanuna ayk\u0131r\u0131 ve izinsiz olarak kopyalanamaz, ba\u015fka yerde yay\u0131nlanamaz.<\/p>\n","protected":false},"excerpt":{"rendered":"<p>Manchester City, Premier Lig 26. hafta ma\u00e7\u0131nda Fulham&#8217;\u0131 konuk ediyor. Guardiola\u2019n\u0131n ekibi, Liverpool galibiyeti sonras\u0131 zirve yar\u0131\u015f\u0131nda bir ad\u0131m daha \u00f6ne&#8230;<\/p>\n","protected":false},"author":2,"featured_media":1203,"comment_status":"open","ping_status":"open","sticky":false,"template":"","format":"standard","meta":{"footnotes":""},"categories":[8,5,7],"tags":[],"class_list":["post-1204","post","type-post","status-publish","format-standard","has-post-thumbnail","hentry","category-arsiv","category-son-dakika","category-spor"],"_links":{"self":[{"href":"https:\/\/eskigazeteci.com\/index.php?rest_route=\/wp\/v2\/posts\/1204","targetHints":{"allow":["GET"]}}],"collection":[{"href":"https:\/\/eskigazeteci.com\/index.php?rest_route=\/wp\/v2\/posts"}],"about":[{"href":"https:\/\/eskigazeteci.com\/index.php?rest_route=\/wp\/v2\/types\/post"}],"author":[{"embeddable":true,"href":"https:\/\/eskigazeteci.com\/index.php?rest_route=\/wp\/v2\/users\/2"}],"replies":[{"embeddable":true,"href":"https:\/\/eskigazeteci.com\/index.php?rest_route=%2Fwp%2Fv2%2Fcomments&post=1204"}],"version-history":[{"count":0,"href":"https:\/\/eskigazeteci.com\/index.php?rest_route=\/wp\/v2\/posts\/1204\/revisions"}],"wp:featuredmedia":[{"embeddable":true,"href":"https:\/\/eskigazeteci.com\/index.php?rest_route=\/wp\/v2\/media\/1203"}],"wp:attachment":[{"href":"https:\/\/eskigazeteci.com\/index.php?rest_route=%2Fwp%2Fv2%2Fmedia&parent=1204"}],"wp:term":[{"taxonomy":"category","embeddable":true,"href":"https:\/\/eskigazeteci.com\/index.php?rest_route=%2Fwp%2Fv2%2Fcategories&post=1204"},{"taxonomy":"post_tag","embeddable":true,"href":"https:\/\/eskigazeteci.com\/index.php?rest_route=%2Fwp%2Fv2%2Ftags&post=1204"}],"curies":[{"name":"wp","href":"https:\/\/api.w.org\/{rel}","templated":true}]}}