{"id":1202,"date":"2026-02-11T09:32:17","date_gmt":"2026-02-11T09:32:17","guid":{"rendered":"https:\/\/eskigazeteci.com\/?p=1202"},"modified":"2026-02-11T09:32:17","modified_gmt":"2026-02-11T09:32:17","slug":"fenerbahceden-eda-erdem-aciklamasi-son-imzasini-atiyor","status":"publish","type":"post","link":"https:\/\/eskigazeteci.com\/?p=1202","title":{"rendered":"Fenerbah\u00e7e&#8217;den Eda Erdem a\u00e7\u0131klamas\u0131! &#8216;Son imzas\u0131n\u0131 at\u0131yor&#8217;"},"content":{"rendered":"<p>Fenerbah\u00e7e &#x27;den yap\u0131lan a\u00e7\u0131klama \u015fu \u015fekilde:<\/p>\n<p>&quot;Bir Efsanenin \u0130mzas\u0131: Eda Erdem<\/p>\n<p>Kul\u00fcb\u00fcm\u00fcz tarihine ad\u0131n\u0131 alt\u0131n harflerle yazd\u0131ran kaptan\u0131m\u0131z Eda Erdem, sar\u0131 lacivert formayla ge\u00e7en e\u015fsiz kariyerini ta\u00e7land\u0131ran son imzas\u0131n\u0131 at\u0131yor.<\/p>\n<p>Bu imza bir veda de\u011fil; bu imza y\u0131llara, emeklere, zaferlere ve bu armaya adanm\u0131\u015f bir \u00f6mr\u00fcn sonsuzlu\u011fa b\u0131rak\u0131lan izi.<\/p>\n<p>Kul\u00fcb\u00fcm\u00fczle \u00f6zde\u015fle\u015fen duru\u015fu, liderli\u011fi ve \u00f6rnek kariyeriyle bir efsaneye d\u00f6n\u00fc\u015fen Eda Erdem \u2019in imza t\u00f6reni ; Ba\u015fkan\u0131m\u0131z Sadettin Saran ve Genel Sekreterimiz Orhan Demirel\u2019in kat\u0131l\u0131mlar\u0131yla, 13 \u015eubat Cuma g\u00fcn\u00fc saat 15.00\u2019te, Chobani Stadyumu Fenerbah\u00e7e \u015e\u00fckr\u00fc Saraco\u011flu Spor Kompleksi 1907 Trib\u00fcn\u00fc\u2019nde ger\u00e7ekle\u015ftirilecektir.&quot;<\/p>\n<p>T\u00fcrkiye&#x27;den ve D\u00fcnya\u2019dan son dakika haberleri, k\u00f6\u015fe yaz\u0131lar\u0131, magazinden siyasete, spordan seyahate b\u00fct\u00fcn konular\u0131n tek adresi Hurriyet.com.tr haber i\u00e7erikleri izin al\u0131nmadan, kaynak g\u00f6sterilerek dahi iktibas edilemez. Kanuna ayk\u0131r\u0131 ve izinsiz olarak kopyalanamaz, ba\u015fka yerde yay\u0131nlanamaz.<\/p>\n","protected":false},"excerpt":{"rendered":"<p>Fenerbah\u00e7e Medicana, Eda Erdem i\u00e7in 13 \u015eubat Cuma g\u00fcn\u00fc imza t\u00f6reni d\u00fczenlenece\u011fini a\u00e7\u0131klad\u0131.<\/p>\n","protected":false},"author":2,"featured_media":1201,"comment_status":"open","ping_status":"open","sticky":false,"template":"","format":"standard","meta":{"footnotes":""},"categories":[8,5,7],"tags":[],"class_list":["post-1202","post","type-post","status-publish","format-standard","has-post-thumbnail","hentry","category-arsiv","category-son-dakika","category-spor"],"_links":{"self":[{"href":"https:\/\/eskigazeteci.com\/index.php?rest_route=\/wp\/v2\/posts\/1202","targetHints":{"allow":["GET"]}}],"collection":[{"href":"https:\/\/eskigazeteci.com\/index.php?rest_route=\/wp\/v2\/posts"}],"about":[{"href":"https:\/\/eskigazeteci.com\/index.php?rest_route=\/wp\/v2\/types\/post"}],"author":[{"embeddable":true,"href":"https:\/\/eskigazeteci.com\/index.php?rest_route=\/wp\/v2\/users\/2"}],"replies":[{"embeddable":true,"href":"https:\/\/eskigazeteci.com\/index.php?rest_route=%2Fwp%2Fv2%2Fcomments&post=1202"}],"version-history":[{"count":0,"href":"https:\/\/eskigazeteci.com\/index.php?rest_route=\/wp\/v2\/posts\/1202\/revisions"}],"wp:featuredmedia":[{"embeddable":true,"href":"https:\/\/eskigazeteci.com\/index.php?rest_route=\/wp\/v2\/media\/1201"}],"wp:attachment":[{"href":"https:\/\/eskigazeteci.com\/index.php?rest_route=%2Fwp%2Fv2%2Fmedia&parent=1202"}],"wp:term":[{"taxonomy":"category","embeddable":true,"href":"https:\/\/eskigazeteci.com\/index.php?rest_route=%2Fwp%2Fv2%2Fcategories&post=1202"},{"taxonomy":"post_tag","embeddable":true,"href":"https:\/\/eskigazeteci.com\/index.php?rest_route=%2Fwp%2Fv2%2Ftags&post=1202"}],"curies":[{"name":"wp","href":"https:\/\/api.w.org\/{rel}","templated":true}]}}