{"id":120,"date":"2026-02-09T09:23:37","date_gmt":"2026-02-09T09:23:37","guid":{"rendered":"https:\/\/eskigazeteci.com\/?p=120"},"modified":"2026-02-09T09:23:37","modified_gmt":"2026-02-09T09:23:37","slug":"haber-35","status":"publish","type":"post","link":"https:\/\/eskigazeteci.com\/?p=120","title":{"rendered":"Haber"},"content":{"rendered":"<p>Van merkezde gece etkili olan ya\u011fmur, sabah saatlerinde yerini kar ya\u011f\u0131\u015f\u0131na b\u0131rakt\u0131. Kardan dolay\u0131 kent genelinde 86 mahalle ve 55 mezra yolu ula\u015f\u0131ma kapan\u0131rken, b\u00f6lgede sis de etkili oldu. Sisten dolay\u0131 g\u00f6r\u00fc\u015f mesafesi baz\u0131 b\u00f6lgelerde 10 metreye kadar d\u00fc\u015ferken, s\u00fcr\u00fcc\u00fcler zor anlar ya\u015fad\u0131.<\/p>\n<p>YOLLARIN A\u00c7ILMASI \u0130\u00c7\u0130N M\u00dcCADELE S\u00dcR\u00dcYOR<\/p>\n<p>Kapanan 141 yerle\u015fim yeri yolunun a\u00e7\u0131lmas\u0131 i\u00e7in karla m\u00fccadele ekipleri \u00e7al\u0131\u015fmalar\u0131n\u0131 s\u00fcrd\u00fcr\u00fcyor. Di\u011fer yandan kar kal\u0131nl\u0131\u011f\u0131 y\u00fcksek kesimlerde 30 santimetreye kadar ula\u015ft\u0131.<\/p>\n<p>E\u011e\u0130T\u0130ME B\u0130R G\u00dcN S\u00dcREYLE ARA VER\u0130LD\u0130<\/p>\n<p>Van &#x27;\u0131n Muradiye il\u00e7esinde olumsuz hava ko\u015fullar\u0131 nedeniyle ta\u015f\u0131mal\u0131 kapsam\u0131ndaki okullarda e\u011fitime bir g\u00fcn ara verildi.<\/p>\n<p>Kaymakaml\u0131ktan yap\u0131lan a\u00e7\u0131klamada, il\u00e7ede yo\u011fun kar ve tipinin etkili oldu\u011fu belirtildi.<\/p>\n<p>A\u00e7\u0131klamada, &quot;il\u00e7emizde etkisini s\u00fcrd\u00fcren kar ya\u011f\u0131\u015f\u0131, buzlanma ve tipi nedeniyle bug\u00fcn (9 \u015eubat 2026) ta\u015f\u0131mal\u0131 e\u011fitime ara verilmi\u015ftir.&quot; denildi.<\/p>\n<p>T\u00fcrkiye g\u00fcndeminden son dakika haberleri, bug\u00fcn ya\u015fanan en son geli\u015fmeler, siyaset g\u00fcndeminden g\u00fcncel haberler ve b\u00fct\u00fcn son dakika haberleri i\u00e7in H\u00fcrriyet&#x27;in internet haber sitesi hurriyet.com.tr; Hurriyet.com.tr haber i\u00e7erikleri kaynak g\u00f6sterilmeden al\u0131nt\u0131 yap\u0131lamaz, Kanuna ayk\u0131r\u0131 ve izinsiz olarak kopyalanamaz, ba\u015fka yerde yay\u0131nlanamaz.<\/p>\n","protected":false},"excerpt":{"rendered":"<p>Van&#8217;da kar ya\u011f\u0131\u015f\u0131 nedeniyle 141 yerle\u015fim yeri ula\u015f\u0131ma kapand\u0131. Sisin de etkili oldu\u011fu b\u00f6lgede g\u00f6r\u00fc\u015f mesafesi yer yer 10 metreye kadar d\u00fc\u015ft\u00fc. \u00d6te yandan&#8230;<\/p>\n","protected":false},"author":2,"featured_media":119,"comment_status":"open","ping_status":"open","sticky":false,"template":"","format":"standard","meta":{"footnotes":""},"categories":[8,3],"tags":[],"class_list":["post-120","post","type-post","status-publish","format-standard","has-post-thumbnail","hentry","category-arsiv","category-siyaset"],"_links":{"self":[{"href":"https:\/\/eskigazeteci.com\/index.php?rest_route=\/wp\/v2\/posts\/120","targetHints":{"allow":["GET"]}}],"collection":[{"href":"https:\/\/eskigazeteci.com\/index.php?rest_route=\/wp\/v2\/posts"}],"about":[{"href":"https:\/\/eskigazeteci.com\/index.php?rest_route=\/wp\/v2\/types\/post"}],"author":[{"embeddable":true,"href":"https:\/\/eskigazeteci.com\/index.php?rest_route=\/wp\/v2\/users\/2"}],"replies":[{"embeddable":true,"href":"https:\/\/eskigazeteci.com\/index.php?rest_route=%2Fwp%2Fv2%2Fcomments&post=120"}],"version-history":[{"count":0,"href":"https:\/\/eskigazeteci.com\/index.php?rest_route=\/wp\/v2\/posts\/120\/revisions"}],"wp:featuredmedia":[{"embeddable":true,"href":"https:\/\/eskigazeteci.com\/index.php?rest_route=\/wp\/v2\/media\/119"}],"wp:attachment":[{"href":"https:\/\/eskigazeteci.com\/index.php?rest_route=%2Fwp%2Fv2%2Fmedia&parent=120"}],"wp:term":[{"taxonomy":"category","embeddable":true,"href":"https:\/\/eskigazeteci.com\/index.php?rest_route=%2Fwp%2Fv2%2Fcategories&post=120"},{"taxonomy":"post_tag","embeddable":true,"href":"https:\/\/eskigazeteci.com\/index.php?rest_route=%2Fwp%2Fv2%2Ftags&post=120"}],"curies":[{"name":"wp","href":"https:\/\/api.w.org\/{rel}","templated":true}]}}