{"id":1198,"date":"2026-02-11T09:23:46","date_gmt":"2026-02-11T09:23:46","guid":{"rendered":"https:\/\/eskigazeteci.com\/?p=1198"},"modified":"2026-02-11T09:23:46","modified_gmt":"2026-02-11T09:23:46","slug":"23-yasindaki-fabrika-iscisi-organize-suc-orgutunun-talimatiyla-oldurulmus","status":"publish","type":"post","link":"https:\/\/eskigazeteci.com\/?p=1198","title":{"rendered":"23 ya\u015f\u0131ndaki fabrika i\u015f\u00e7isi, organize su\u00e7 \u00f6rg\u00fct\u00fcn\u00fcn talimat\u0131yla \u00f6ld\u00fcr\u00fclm\u00fc\u015f"},"content":{"rendered":"<p>Olay, 3 \u015eubat&#x27;ta g\u00fcn\u00fc saat 06.30 s\u0131ralar\u0131nda Atat\u00fcrk Mahallesi&#x27;nde meydana geldi. Bir fabrikada i\u015f\u00e7i olan Sinan \u00dcmit &#x27;e, evinden i\u015fe gitmek i\u00e7in \u00e7\u0131kt\u0131\u011f\u0131 s\u0131rada otomobilden tabancayla ate\u015f a\u00e7\u0131ld\u0131. Kur\u015funlar\u0131n isabet etti\u011fi \u00dcmit, kanlar i\u00e7erisinde yerde kald\u0131. \u00c7evredekilerin ihbar\u0131yla olay yerine sa\u011fl\u0131k ve polis ekipleri sevk edildi. A\u011f\u0131r yaralanan \u00dcmit, ambulansla Ege \u00dcniversitesi Hastanesi&#x27;ne kald\u0131r\u0131ld\u0131. \u00dcmit, burada kurtar\u0131lamad\u0131.<\/p>\n<p>AYDIN&#x27;DA 4 K\u0130\u015e\u0130 YAKALANDI<\/p>\n<p>Olay\u0131n ard\u0131ndan ba\u015flat\u0131lan soru\u015fturma kapsam\u0131nda Ayd\u0131n&#x27;\u0131n \u0130ncirliova il\u00e7esi S\u0131n\u0131rteke Mahallesi&#x27;ndeki bir \u00e7iftli\u011fe \u0130zmir Organize Su\u00e7larla M\u00fccadele \u015eube M\u00fcd\u00fcrl\u00fc\u011f\u00fc ekiplerince 7 \u015eubat&#x27;ta d\u00fczenlenen operasyonda; \u00e7iftlik sahibi C.P. ile \u00e7iftlikte saklanan \u0130.B., B.T. ve E.M. g\u00f6zalt\u0131na al\u0131nd\u0131.<\/p>\n<p>12 \u015e\u00dcPHEL\u0130YE DAHA G\u00d6ZALTI<\/p>\n<p>Polis, olay\u0131n failleri oldu\u011fu belirlenen E.M., \u0130.B. ve B.T.&#x27;nin Yunanistan&#x27;da tutuklu bulunan Sercan Sayal&#x27;\u0131n y\u00f6netti\u011fi organize su\u00e7 \u00f6rg\u00fct\u00fcn\u00fcn talimat\u0131 do\u011frultusunda olay\u0131 ger\u00e7ekle\u015ftirdi\u011fi, \u00f6rg\u00fct \u00fcyelerinin faillerin ka\u00e7\u0131r\u0131lmas\u0131 ve saklanmas\u0131na yard\u0131m etti\u011fini belirledi. Bunun \u00fczerine su\u00e7 \u00f6rg\u00fct\u00fcn\u00fcn di\u011fer mensuplar\u0131na da operasyon d\u00fczenlendi. 12 \u015f\u00fcpheli, daha g\u00f6zalt\u0131na al\u0131nd\u0131.<\/p>\n<p>ORGAN\u0130ZE \u015eEK\u0130LDE HAREKET&#8230;<\/p>\n","protected":false},"excerpt":{"rendered":"<p>\u0130zmir&#8217;in Bornova il\u00e7esinde fabrika i\u015f\u00e7isi Sinan \u00dcmit&#8217;in (23) silahl\u0131 sald\u0131r\u0131da \u00f6ld\u00fcr\u00fclmesine ili\u015fkin soru\u015fturmada 16 \u015f\u00fcpheli tutukland\u0131. \u015e\u00fcphelilerin&#8230;<\/p>\n","protected":false},"author":2,"featured_media":1197,"comment_status":"open","ping_status":"open","sticky":false,"template":"","format":"standard","meta":{"footnotes":""},"categories":[8,6,5],"tags":[],"class_list":["post-1198","post","type-post","status-publish","format-standard","has-post-thumbnail","hentry","category-arsiv","category-gundem","category-son-dakika"],"_links":{"self":[{"href":"https:\/\/eskigazeteci.com\/index.php?rest_route=\/wp\/v2\/posts\/1198","targetHints":{"allow":["GET"]}}],"collection":[{"href":"https:\/\/eskigazeteci.com\/index.php?rest_route=\/wp\/v2\/posts"}],"about":[{"href":"https:\/\/eskigazeteci.com\/index.php?rest_route=\/wp\/v2\/types\/post"}],"author":[{"embeddable":true,"href":"https:\/\/eskigazeteci.com\/index.php?rest_route=\/wp\/v2\/users\/2"}],"replies":[{"embeddable":true,"href":"https:\/\/eskigazeteci.com\/index.php?rest_route=%2Fwp%2Fv2%2Fcomments&post=1198"}],"version-history":[{"count":0,"href":"https:\/\/eskigazeteci.com\/index.php?rest_route=\/wp\/v2\/posts\/1198\/revisions"}],"wp:featuredmedia":[{"embeddable":true,"href":"https:\/\/eskigazeteci.com\/index.php?rest_route=\/wp\/v2\/media\/1197"}],"wp:attachment":[{"href":"https:\/\/eskigazeteci.com\/index.php?rest_route=%2Fwp%2Fv2%2Fmedia&parent=1198"}],"wp:term":[{"taxonomy":"category","embeddable":true,"href":"https:\/\/eskigazeteci.com\/index.php?rest_route=%2Fwp%2Fv2%2Fcategories&post=1198"},{"taxonomy":"post_tag","embeddable":true,"href":"https:\/\/eskigazeteci.com\/index.php?rest_route=%2Fwp%2Fv2%2Ftags&post=1198"}],"curies":[{"name":"wp","href":"https:\/\/api.w.org\/{rel}","templated":true}]}}