{"id":1196,"date":"2026-02-11T09:22:13","date_gmt":"2026-02-11T09:22:13","guid":{"rendered":"https:\/\/eskigazeteci.com\/?p=1196"},"modified":"2026-02-11T09:22:13","modified_gmt":"2026-02-11T09:22:13","slug":"pezeskiyana-tesekkur","status":"publish","type":"post","link":"https:\/\/eskigazeteci.com\/?p=1196","title":{"rendered":"Peze\u015fkiyan&#8217;a Te\u015fekk\u00fcr"},"content":{"rendered":"<p>\u0130srail&#x27;a ve ABD&#x27;nin k\u00f6t\u00fc niyetli planlar\u0131n\u0131 hayata ge\u00e7irmemeleri noktas\u0131ndaki gayretleri i\u00e7in t\u00fcm \u00fclkelere te\u015fekk\u00fcr ediyorum.<\/p>\n","protected":false},"excerpt":{"rendered":"<p>Abdr\u00fclhamid II ve \u0130kinci Subay<\/p>\n","protected":false},"author":2,"featured_media":1195,"comment_status":"open","ping_status":"open","sticky":false,"template":"","format":"standard","meta":{"footnotes":""},"categories":[8,6,5],"tags":[],"class_list":["post-1196","post","type-post","status-publish","format-standard","has-post-thumbnail","hentry","category-arsiv","category-gundem","category-son-dakika"],"_links":{"self":[{"href":"https:\/\/eskigazeteci.com\/index.php?rest_route=\/wp\/v2\/posts\/1196","targetHints":{"allow":["GET"]}}],"collection":[{"href":"https:\/\/eskigazeteci.com\/index.php?rest_route=\/wp\/v2\/posts"}],"about":[{"href":"https:\/\/eskigazeteci.com\/index.php?rest_route=\/wp\/v2\/types\/post"}],"author":[{"embeddable":true,"href":"https:\/\/eskigazeteci.com\/index.php?rest_route=\/wp\/v2\/users\/2"}],"replies":[{"embeddable":true,"href":"https:\/\/eskigazeteci.com\/index.php?rest_route=%2Fwp%2Fv2%2Fcomments&post=1196"}],"version-history":[{"count":0,"href":"https:\/\/eskigazeteci.com\/index.php?rest_route=\/wp\/v2\/posts\/1196\/revisions"}],"wp:featuredmedia":[{"embeddable":true,"href":"https:\/\/eskigazeteci.com\/index.php?rest_route=\/wp\/v2\/media\/1195"}],"wp:attachment":[{"href":"https:\/\/eskigazeteci.com\/index.php?rest_route=%2Fwp%2Fv2%2Fmedia&parent=1196"}],"wp:term":[{"taxonomy":"category","embeddable":true,"href":"https:\/\/eskigazeteci.com\/index.php?rest_route=%2Fwp%2Fv2%2Fcategories&post=1196"},{"taxonomy":"post_tag","embeddable":true,"href":"https:\/\/eskigazeteci.com\/index.php?rest_route=%2Fwp%2Fv2%2Ftags&post=1196"}],"curies":[{"name":"wp","href":"https:\/\/api.w.org\/{rel}","templated":true}]}}