{"id":1192,"date":"2026-02-11T09:13:47","date_gmt":"2026-02-11T09:13:47","guid":{"rendered":"https:\/\/eskigazeteci.com\/?p=1192"},"modified":"2026-02-11T09:13:47","modified_gmt":"2026-02-11T09:13:47","slug":"cumhurbaskani-erdogan-ve-micotakis-arasindaki-gorusmenin-sifreleri-uzman-isim-en-onemli-sorun-alani-diyerek-uyardi","status":"publish","type":"post","link":"https:\/\/eskigazeteci.com\/?p=1192","title":{"rendered":"Cumhurba\u015fkan\u0131 Erdo\u011fan ve Mi\u00e7otakis aras\u0131ndaki g\u00f6r\u00fc\u015fmenin \u015fifreleri: Uzman isim, &#8216;En \u00f6nemli sorun alan\u0131&#8217; diyerek uyard\u0131"},"content":{"rendered":"<p>Cumhurba\u015fkan\u0131 Recep Tayyip Erdo\u011fan, resmi temaslarda bulunmak \u00fczere bug\u00fcn T\u00fcrkiye\u2019ye gelecek olan Yunanistan Ba\u015fbakan\u0131 Kiryakos Mi\u00e7otakis\u2019i Cumhurba\u015fkanl\u0131\u011f\u0131 K\u00fclliyesi\u2019nde kabul edecek. Zirvede iki \u00fclke aras\u0131ndaki ili\u015fkiler ile b\u00f6lgesel ve k\u00fcresel geli\u015fmelerin g\u00fcndeme gelmesi \u00f6ng\u00f6r\u00fcl\u00fcyor.<\/p>\n<p>G\u00f6r\u00fc\u015fme \u00f6ncesinde uzla\u015f\u0131 mesajlar\u0131 verilmesine kar\u015f\u0131n Yunan bas\u0131n\u0131nda, Mi\u00e7otakis\u2019in Ankara temaslar\u0131nda herhangi bir taviz vermek istemedi\u011fi y\u00f6n\u00fcnde iddialar yer ald\u0131. G\u00fcney K\u0131br\u0131s Rum Y\u00f6netimi (GKRY) Cumhurba\u015fkan\u0131 Nikos Hristodulidis\u2019i Ankara\u2019daki g\u00f6r\u00fc\u015fmeye ili\u015fkin bilgilendiren Mi\u00e7otakis\u2019in, Ege ve Akdeniz ba\u015fl\u0131klar\u0131nda Atina\u2019n\u0131n tezlerini savunmaya devam edece\u011fini teyit etti\u011fi kaydedildi.<\/p>\n<p>D\u0131\u015fi\u015fleri Bakan\u0131 Hakan Fidan, s\u00f6z konusu bulu\u015fmay\u0131 Ege meselesine kal\u0131c\u0131 bir \u00e7\u00f6z\u00fcm bulunmas\u0131 a\u00e7\u0131s\u0131ndan tarihi bir f\u0131rsat olarak de\u011ferlendirdi.<\/p>\n<p>CNN Yunanistan\u2019\u0131n haberine g\u00f6re, Atina, Ege\u2019de i\u015fbirli\u011fini art\u0131rmaya y\u00f6nelik baz\u0131 mutabakatlara varmay\u0131 hedefliyor. Ankara ile Atina aras\u0131ndaki temaslar\u0131n teknik d\u00fczeyde s\u00fcrd\u00fcr\u00fclen \u00e7al\u0131\u015fmalarla desteklenmesi planlan\u0131yor. Yunan kaynaklar, s\u00fcrecin yap\u0131c\u0131 bir \u00e7er\u00e7evede ilerletilmesinin ama\u00e7land\u0131\u011f\u0131n\u0131 belirtti.<\/p>\n<p>\u0130stanbul Geli\u015fim \u00dcniversitesi Siyaset Bilimi ve Uluslararas\u0131&#8230;<\/p>\n","protected":false},"excerpt":{"rendered":"<p>Cumhurba\u015fkan\u0131 Recep Tayyip Erdo\u011fan ile Yunanistan Ba\u015fbakan\u0131 Kiryakos Mi\u00e7otakis aras\u0131nda bug\u00fcn Ankara\u2019da yap\u0131lacak g\u00f6r\u00fc\u015fmeyi de\u011ferlendiren \u0130stanbul Geli\u015fim&#8230;<\/p>\n","protected":false},"author":2,"featured_media":1191,"comment_status":"open","ping_status":"open","sticky":false,"template":"","format":"standard","meta":{"footnotes":""},"categories":[8,6,5],"tags":[],"class_list":["post-1192","post","type-post","status-publish","format-standard","has-post-thumbnail","hentry","category-arsiv","category-gundem","category-son-dakika"],"_links":{"self":[{"href":"https:\/\/eskigazeteci.com\/index.php?rest_route=\/wp\/v2\/posts\/1192","targetHints":{"allow":["GET"]}}],"collection":[{"href":"https:\/\/eskigazeteci.com\/index.php?rest_route=\/wp\/v2\/posts"}],"about":[{"href":"https:\/\/eskigazeteci.com\/index.php?rest_route=\/wp\/v2\/types\/post"}],"author":[{"embeddable":true,"href":"https:\/\/eskigazeteci.com\/index.php?rest_route=\/wp\/v2\/users\/2"}],"replies":[{"embeddable":true,"href":"https:\/\/eskigazeteci.com\/index.php?rest_route=%2Fwp%2Fv2%2Fcomments&post=1192"}],"version-history":[{"count":0,"href":"https:\/\/eskigazeteci.com\/index.php?rest_route=\/wp\/v2\/posts\/1192\/revisions"}],"wp:featuredmedia":[{"embeddable":true,"href":"https:\/\/eskigazeteci.com\/index.php?rest_route=\/wp\/v2\/media\/1191"}],"wp:attachment":[{"href":"https:\/\/eskigazeteci.com\/index.php?rest_route=%2Fwp%2Fv2%2Fmedia&parent=1192"}],"wp:term":[{"taxonomy":"category","embeddable":true,"href":"https:\/\/eskigazeteci.com\/index.php?rest_route=%2Fwp%2Fv2%2Fcategories&post=1192"},{"taxonomy":"post_tag","embeddable":true,"href":"https:\/\/eskigazeteci.com\/index.php?rest_route=%2Fwp%2Fv2%2Ftags&post=1192"}],"curies":[{"name":"wp","href":"https:\/\/api.w.org\/{rel}","templated":true}]}}