{"id":1190,"date":"2026-02-11T09:12:16","date_gmt":"2026-02-11T09:12:16","guid":{"rendered":"https:\/\/eskigazeteci.com\/?p=1190"},"modified":"2026-02-11T09:12:16","modified_gmt":"2026-02-11T09:12:16","slug":"sami-ugurlu-sahamizda-kolay-kolay-mac-kaybetmememiz-gerekiyor","status":"publish","type":"post","link":"https:\/\/eskigazeteci.com\/?p=1190","title":{"rendered":"Sami U\u011furlu: &#8216;Saham\u0131zda kolay kolay ma\u00e7 kaybetmememiz gerekiyor!&#8217;"},"content":{"rendered":"<p>S\u00fcper Lig &#x27;in 22. haftas\u0131nda 13 \u015eubat Cuma g\u00fcn\u00fc sahas\u0131nda Samsunspor&#x27;u a\u011f\u0131rlayacak Akdeniz ekibinde teknik direkt\u00f6r U\u011furlu, &quot;Antalya, kolay bir deplasman de\u011fil&quot; alg\u0131s\u0131n\u0131n olu\u015fmas\u0131n\u0131 istediklerini s\u00f6yledi.<\/p>\n<p>Futbolculara ma\u00e7lardan \u00f6nce, &quot;Buras\u0131 bizim evimiz. Sevdiklerimizin bizi canl\u0131 izledi\u011fi, gurur duydu\u011fu bir yer. Burada galip gelmemiz laz\u0131m.&quot; ifadelerini kulland\u0131\u011f\u0131n\u0131 dile getiren U\u011furlu \u015funlar\u0131 s\u00f6yledi:<\/p>\n<p>&quot;Saham\u0131zda kolay kolay ma\u00e7 kaybetmememiz gerekiyor. \u0130lk yar\u0131 kendi sahas\u0131nda 4 puan alan bir Antalya tak\u0131m\u0131 vard\u0131. Bu tak\u0131m i\u00e7eride ma\u00e7 kaybetmedi\u011fi s\u00fcrece ligde kalacakt\u0131r. En b\u00fcy\u00fck hedefimizin saham\u0131zdaki ma\u00e7lar\u0131n tamam\u0131n\u0131 kazanmak. Tabi ki i\u00e7eride zaman zaman istedi\u011fimizi sahaya yans\u0131tamad\u0131\u011f\u0131m\u0131z anlar olacak. Burada i\u015fte taraftar deste\u011fi ortaya \u00e7\u0131k\u0131yor.&quot;<\/p>\n<p>Antalyasporlu taraftarlar\u0131n son ma\u00e7larda kendilerini \u00e7ok iyi destekledi\u011fini anlatan U\u011furlu, &quot;Ma\u00e7\u0131n ba\u015f\u0131ndan sonuna kadar \u00e7ok ciddi \u015fekilde bizi destekliyorlar. Bunu biz ve oyuncular\u0131m\u0131z \u00e7ok ciddi \u015fekilde hissetti. Onlar arkam\u0131zda oldu\u011fu s\u00fcrece biz de elimizden gelenin fazlas\u0131n\u0131 yapmaya devam edece\u011fiz. Taraftar\u0131m\u0131z\u0131 yan\u0131m\u0131zda oldu\u011fu s\u00fcrece onlar\u0131 \u00fczmemek i\u00e7in iyi sonu\u00e7lar alma \u00e7abas\u0131nda olaca\u011f\u0131z.&quot; diye&#8230;<\/p>\n","protected":false},"excerpt":{"rendered":"<p>Antalyaspor&#8217;da teknik direkt\u00f6r Sami U\u011furlu, i\u00e7 sahadaki ma\u00e7lar\u0131n\u0131n tamam\u0131n\u0131 kazanmak istediklerini belirtti.<\/p>\n","protected":false},"author":2,"featured_media":1189,"comment_status":"open","ping_status":"open","sticky":false,"template":"","format":"standard","meta":{"footnotes":""},"categories":[8,5,7],"tags":[],"class_list":["post-1190","post","type-post","status-publish","format-standard","has-post-thumbnail","hentry","category-arsiv","category-son-dakika","category-spor"],"_links":{"self":[{"href":"https:\/\/eskigazeteci.com\/index.php?rest_route=\/wp\/v2\/posts\/1190","targetHints":{"allow":["GET"]}}],"collection":[{"href":"https:\/\/eskigazeteci.com\/index.php?rest_route=\/wp\/v2\/posts"}],"about":[{"href":"https:\/\/eskigazeteci.com\/index.php?rest_route=\/wp\/v2\/types\/post"}],"author":[{"embeddable":true,"href":"https:\/\/eskigazeteci.com\/index.php?rest_route=\/wp\/v2\/users\/2"}],"replies":[{"embeddable":true,"href":"https:\/\/eskigazeteci.com\/index.php?rest_route=%2Fwp%2Fv2%2Fcomments&post=1190"}],"version-history":[{"count":0,"href":"https:\/\/eskigazeteci.com\/index.php?rest_route=\/wp\/v2\/posts\/1190\/revisions"}],"wp:featuredmedia":[{"embeddable":true,"href":"https:\/\/eskigazeteci.com\/index.php?rest_route=\/wp\/v2\/media\/1189"}],"wp:attachment":[{"href":"https:\/\/eskigazeteci.com\/index.php?rest_route=%2Fwp%2Fv2%2Fmedia&parent=1190"}],"wp:term":[{"taxonomy":"category","embeddable":true,"href":"https:\/\/eskigazeteci.com\/index.php?rest_route=%2Fwp%2Fv2%2Fcategories&post=1190"},{"taxonomy":"post_tag","embeddable":true,"href":"https:\/\/eskigazeteci.com\/index.php?rest_route=%2Fwp%2Fv2%2Ftags&post=1190"}],"curies":[{"name":"wp","href":"https:\/\/api.w.org\/{rel}","templated":true}]}}