{"id":1186,"date":"2026-02-11T09:02:15","date_gmt":"2026-02-11T09:02:15","guid":{"rendered":"https:\/\/eskigazeteci.com\/?p=1186"},"modified":"2026-02-11T09:02:15","modified_gmt":"2026-02-11T09:02:15","slug":"toplam-degeri-65-milyon-lirayi-bulan-11-luks-araca-el-konuldu-14-supheli-gozaltina-alindi","status":"publish","type":"post","link":"https:\/\/eskigazeteci.com\/?p=1186","title":{"rendered":"Toplam de\u011feri 65 milyon liray\u0131 bulan 11 l\u00fcks araca el konuldu: 14 \u015f\u00fcpheli g\u00f6zalt\u0131na al\u0131nd\u0131"},"content":{"rendered":"<p>\u0130stanbul Emniyet M\u00fcd\u00fcrl\u00fc\u011f\u00fc Ka\u00e7ak\u00e7\u0131l\u0131k Su\u00e7lar\u0131yla M\u00fccadele \u015eube M\u00fcd\u00fcrl\u00fc\u011f\u00fc ekipleri, yurt d\u0131\u015f\u0131ndan sat\u0131n al\u0131narak turistik kolayl\u0131klar kapsam\u0131nda T\u00fcrkiye&#x27;ye getirilen ara\u00e7lara y\u00f6nelik y\u00fcr\u00fct\u00fclen \u00e7al\u0131\u015fmalar\u0131n ard\u0131ndan operasyon d\u00fczenledi. Ara\u00e7lar\u0131n, yasal s\u00fcre i\u00e7erisinde yeniden yurt d\u0131\u015f\u0131na \u00e7\u0131kar\u0131lmas\u0131 gerekirken bu s\u00fcrenin bilin\u00e7li olarak a\u015f\u0131ld\u0131\u011f\u0131 ve \u00e7\u0131k\u0131\u015f i\u015flemi yap\u0131lmadan T\u00fcrkiye&#x27;de kullan\u0131ld\u0131\u011f\u0131 tespit edildi.<\/p>\n<p>Yap\u0131lan incelemelerde baz\u0131 ara\u00e7lar\u0131n tescil i\u015flemleri ger\u00e7ekle\u015ftirilmeden d\u00fc\u015f\u00fck bedellerle \u00fc\u00e7\u00fcnc\u00fc ki\u015filere devredildi\u011fi belirlendi. Ele ge\u00e7irilen ara\u00e7lardan bir k\u0131sm\u0131n\u0131n ise yurt d\u0131\u015f\u0131nda bankalardan kredi \u00e7ekilerek sat\u0131n al\u0131nd\u0131\u011f\u0131, kredilerin \u00f6denmemesi \u00fczerine haklar\u0131nda \u00e7al\u0131nt\u0131 kayd\u0131 olu\u015fturuldu\u011fu ve Interpol taraf\u0131ndan arand\u0131\u011f\u0131 ortaya \u00e7\u0131kt\u0131.<\/p>\n<p>14 \u015e\u00dcPHEL\u0130 YAKALANDI<\/p>\n<p>Teknik ve fiziki takip sonucu d\u00fczenlenen operasyonda 14 \u015f\u00fcpheli yakalan\u0131rken, toplam de\u011feri 65 milyon liray\u0131 bulan 11 l\u00fcks araca el konuldu. El konulan ara\u00e7lardan birinin sanal medyada oto ekspertiz payla\u015f\u0131mlar\u0131yla tan\u0131nan Ferdi G\u00f6k\u00e7e ad\u0131na kay\u0131tl\u0131 oldu\u011fu \u00f6\u011frenildi. \u015e\u00fcpheliler hakk\u0131nda ka\u00e7ak\u00e7\u0131l\u0131k su\u00e7u kapsam\u0131nda adli i\u015flem ba\u015flat\u0131l\u0131rken, soru\u015fturman\u0131n s\u00fcrd\u00fc\u011f\u00fc bildirildi. Ele ge\u00e7irilen ara\u00e7lar \u0130stanbul Emniyet&#8230;<\/p>\n","protected":false},"excerpt":{"rendered":"<p>\u0130stanbul&#8217;da otomotiv ka\u00e7ak\u00e7\u0131l\u0131\u011f\u0131na y\u00f6nelik d\u00fczenlenen operasyonda piyasa de\u011feri yakla\u015f\u0131k 65 milyon lira oldu\u011fu de\u011ferlendirilen 11 l\u00fcks ara\u00e7 ele ge\u00e7irildi&#8230;.<\/p>\n","protected":false},"author":2,"featured_media":1185,"comment_status":"open","ping_status":"open","sticky":false,"template":"","format":"standard","meta":{"footnotes":""},"categories":[8,6,5],"tags":[],"class_list":["post-1186","post","type-post","status-publish","format-standard","has-post-thumbnail","hentry","category-arsiv","category-gundem","category-son-dakika"],"_links":{"self":[{"href":"https:\/\/eskigazeteci.com\/index.php?rest_route=\/wp\/v2\/posts\/1186","targetHints":{"allow":["GET"]}}],"collection":[{"href":"https:\/\/eskigazeteci.com\/index.php?rest_route=\/wp\/v2\/posts"}],"about":[{"href":"https:\/\/eskigazeteci.com\/index.php?rest_route=\/wp\/v2\/types\/post"}],"author":[{"embeddable":true,"href":"https:\/\/eskigazeteci.com\/index.php?rest_route=\/wp\/v2\/users\/2"}],"replies":[{"embeddable":true,"href":"https:\/\/eskigazeteci.com\/index.php?rest_route=%2Fwp%2Fv2%2Fcomments&post=1186"}],"version-history":[{"count":0,"href":"https:\/\/eskigazeteci.com\/index.php?rest_route=\/wp\/v2\/posts\/1186\/revisions"}],"wp:featuredmedia":[{"embeddable":true,"href":"https:\/\/eskigazeteci.com\/index.php?rest_route=\/wp\/v2\/media\/1185"}],"wp:attachment":[{"href":"https:\/\/eskigazeteci.com\/index.php?rest_route=%2Fwp%2Fv2%2Fmedia&parent=1186"}],"wp:term":[{"taxonomy":"category","embeddable":true,"href":"https:\/\/eskigazeteci.com\/index.php?rest_route=%2Fwp%2Fv2%2Fcategories&post=1186"},{"taxonomy":"post_tag","embeddable":true,"href":"https:\/\/eskigazeteci.com\/index.php?rest_route=%2Fwp%2Fv2%2Ftags&post=1186"}],"curies":[{"name":"wp","href":"https:\/\/api.w.org\/{rel}","templated":true}]}}